{"id":59850,"date":"2025-06-24T14:08:02","date_gmt":"2025-06-24T17:08:02","guid":{"rendered":"https:\/\/www.sincomam.org.br\/?p=59850"},"modified":"2025-06-24T14:08:02","modified_gmt":"2025-06-24T17:08:02","slug":"intencao-de-consumo-das-familias-registra-alta-de-05-em-junho","status":"publish","type":"post","link":"https:\/\/www.sincomam.org.br\/index.php\/intencao-de-consumo-das-familias-registra-alta-de-05-em-junho\/","title":{"rendered":"Inten\u00e7\u00e3o de consumo das fam\u00edlias registra alta de 0,5% em junho"},"content":{"rendered":"<p>A Inten\u00e7\u00e3o de Consumo das Fam\u00edlias (ICF) apresentou crescimento de 0,5% em junho, j\u00e1 descontando os efeitos sazonais. O percentual representa o melhor resultado mensal registrado desde maio de 2024.\u00a0<img decoding=\"async\" src=\"https:\/\/agenciabrasil.ebc.com.br\/ebc.png?id=1648058&amp;o=node\" \/><img decoding=\"async\" src=\"https:\/\/agenciabrasil.ebc.com.br\/ebc.gif?id=1648058&amp;o=node\" \/><\/p>\n<p>Segundo a pesquisa da Confedera\u00e7\u00e3o Nacional do Com\u00e9rcio de Bens, Servi\u00e7os e Turismo (CNC),\u00a0na compara\u00e7\u00e3o com o mesmo m\u00eas do ano passado, o \u00edndice teve queda de -1,3%<\/p>\n<p>Em junho, o componente Acesso ao Cr\u00e9dito registrou aumento de 2,5%.\u00a0Esta \u00e9 a quinta alta mensal consecutiva desse indicador, impulsionada por medidas que ampliaram a liquidez no mercado financeiro. De acordo com o estudo, 32,6% dos consumidores percebem maior facilidade para obter cr\u00e9dito, o maior pico desde abril de 2020.<\/p>\n<p>O levantamento tamb\u00e9m aponta para um ambiente de cautela, influenciado pela\u00a0eleva\u00e7\u00e3o da taxa b\u00e1sica de juros\u00a0da economia (Selic) nos \u00faltimos meses.\u00a0A percep\u00e7\u00e3o sobre o momento para aquisi\u00e7\u00e3o de bens dur\u00e1veis, por exemplo, recuou 7,0% em rela\u00e7\u00e3o ao ano passado &#8211; a maior queda na lista de componentes analisados.<\/p>\n<blockquote><p>\u201cObservamos uma melhora pontual, mas o consumidor segue atento aos sinais da economia. A combina\u00e7\u00e3o de cr\u00e9dito mais acess\u00edvel e juros elevados exige decis\u00f5es de consumo mais planejadas e criteriosas. Por isso h\u00e1 uma busca pelo equil\u00edbrio entre o desejo de consumir e a preocupa\u00e7\u00e3o de n\u00e3o comprometer o or\u00e7amento a longo prazo\u201d, avalia o presidente do Sistema CNC-Sesc-Senac, Jos\u00e9 Roberto Tadros.<\/p><\/blockquote>\n<h2>Mercado de Trabalho<\/h2>\n<p>O componente Emprego Atual apresentou uma queda de 0,1% no m\u00eas e de 1,8% no ano. J\u00e1 a Perspectiva Profissional registrou aumento de 0,5% em junho frente a maio, com avan\u00e7o de 1,7% em rela\u00e7\u00e3o ao m\u00eas equivalente em 2024, gra\u00e7as \u00e0 maior recupera\u00e7\u00e3o dos consumidores com maiores ganhos.<\/p>\n<h2>G\u00eaneros<\/h2>\n<p>Os homens apresentaram uma queda mais expressiva da inten\u00e7\u00e3o de consumo na compara\u00e7\u00e3o anual (-1,8%) em rela\u00e7\u00e3o \u00e0s mulheres (-0,7%). Tamb\u00e9m houve diferen\u00e7a significativa no acesso ao cr\u00e9dito, com o p\u00fablico masculino apresentando alta de 1,5% e do feminino, de 3,4%. J\u00e1 a perspectiva profissional melhorou para ambos, subindo 1,9% e 1,4%, respectivamente.<\/p>\n<p>Fonte: Ag\u00eancia Brasil<\/p>\n","protected":false},"excerpt":{"rendered":"<p>A Inten\u00e7\u00e3o de Consumo das Fam\u00edlias (ICF) apresentou crescimento de 0,5% em junho, j\u00e1 descontando os efeitos sazonais. O percentual representa o melhor resultado mensal&#8230;<\/p>\n","protected":false},"author":1527,"featured_media":59852,"comment_status":"closed","ping_status":"closed","sticky":false,"template":"","format":"standard","meta":{"footnotes":""},"categories":[6],"tags":[],"class_list":["post-59850","post","type-post","status-publish","format-standard","has-post-thumbnail","hentry","category-noticias"],"_links":{"self":[{"href":"https:\/\/www.sincomam.org.br\/index.php\/wp-json\/wp\/v2\/posts\/59850","targetHints":{"allow":["GET"]}}],"collection":[{"href":"https:\/\/www.sincomam.org.br\/index.php\/wp-json\/wp\/v2\/posts"}],"about":[{"href":"https:\/\/www.sincomam.org.br\/index.php\/wp-json\/wp\/v2\/types\/post"}],"author":[{"embeddable":true,"href":"https:\/\/www.sincomam.org.br\/index.php\/wp-json\/wp\/v2\/users\/1527"}],"replies":[{"embeddable":true,"href":"https:\/\/www.sincomam.org.br\/index.php\/wp-json\/wp\/v2\/comments?post=59850"}],"version-history":[{"count":1,"href":"https:\/\/www.sincomam.org.br\/index.php\/wp-json\/wp\/v2\/posts\/59850\/revisions"}],"predecessor-version":[{"id":59853,"href":"https:\/\/www.sincomam.org.br\/index.php\/wp-json\/wp\/v2\/posts\/59850\/revisions\/59853"}],"wp:featuredmedia":[{"embeddable":true,"href":"https:\/\/www.sincomam.org.br\/index.php\/wp-json\/wp\/v2\/media\/59852"}],"wp:attachment":[{"href":"https:\/\/www.sincomam.org.br\/index.php\/wp-json\/wp\/v2\/media?parent=59850"}],"wp:term":[{"taxonomy":"category","embeddable":true,"href":"https:\/\/www.sincomam.org.br\/index.php\/wp-json\/wp\/v2\/categories?post=59850"},{"taxonomy":"post_tag","embeddable":true,"href":"https:\/\/www.sincomam.org.br\/index.php\/wp-json\/wp\/v2\/tags?post=59850"}],"curies":[{"name":"wp","href":"https:\/\/api.w.org\/{rel}","templated":true}]}}