{"id":59833,"date":"2025-06-24T10:40:41","date_gmt":"2025-06-24T13:40:41","guid":{"rendered":"https:\/\/www.sincomam.org.br\/?p=59833"},"modified":"2025-06-24T10:40:41","modified_gmt":"2025-06-24T13:40:41","slug":"marinha-realiza-velejada-com-o-nve-cisne-branco-e-reforca-lacos-com-a-sociedade-catarinense","status":"publish","type":"post","link":"https:\/\/www.sincomam.org.br\/index.php\/marinha-realiza-velejada-com-o-nve-cisne-branco-e-reforca-lacos-com-a-sociedade-catarinense\/","title":{"rendered":"Marinha realiza velejada com o Nve Cisne Branco e refor\u00e7a la\u00e7os com a sociedade catarinense"},"content":{"rendered":"<p data-start=\"173\" data-end=\"669\">Em uma manh\u00e3 de c\u00e9u aberto e vento favor\u00e1vel, o\u00a0Navio-Veleiro (Nve) Cisne Branco, um dos maiores s\u00edmbolos da\u00a0Marinha do Brasil, realizou uma\u00a0velejada especial\u00a0com autoridades civis, militares e integrantes da\u00a0Sociedade Amigos da Marinha (Soamar)\u00a0de\u00a0Santa Catarina. Partindo de\u00a0Itaja\u00ed, no dia 4 de junho, o evento promoveu a aproxima\u00e7\u00e3o entre a\u00a0For\u00e7a Naval\u00a0e a sociedade local, proporcionando aos convidados uma experi\u00eancia \u00fanica de conviv\u00eancia com as tradi\u00e7\u00f5es navais.<\/p>\n<h3 data-start=\"671\" data-end=\"727\">O Nve Cisne Branco e as Manobras de Navega\u00e7\u00e3o \u00e0 Vela<\/h3>\n<p data-start=\"729\" data-end=\"1132\">Inspirado nos grandes\u00a0veleiros do s\u00e9culo XIX, o\u00a0Nve Cisne Branco\u00a0\u00e9 uma embarca\u00e7\u00e3o projetada para\u00a0representa\u00e7\u00e3o diplom\u00e1tica e cultural\u00a0da\u00a0Marinha do\u00a0Brasil. Durante a velejada em\u00a0Itaja\u00ed, os participantes puderam acompanhar de perto as\u00a0manobras de velame, incluindo procedimentos como a\u00a0mudan\u00e7a de bordo\u00a0e o\u00a0ajuste de velas, realizados com extrema precis\u00e3o pela tripula\u00e7\u00e3o.<\/p>\n<p data-start=\"1134\" data-end=\"1527\">As autoridades e convidados tiveram a oportunidade de observar o rigor t\u00e9cnico das opera\u00e7\u00f5es, compreendendo o esfor\u00e7o f\u00edsico e a coordena\u00e7\u00e3o necess\u00e1rios para a condu\u00e7\u00e3o de um navio desse porte sob propuls\u00e3o exclusivamente \u00e0 vela. A experi\u00eancia refor\u00e7ou o entendimento sobre a\u00a0complexidade e a beleza da navega\u00e7\u00e3o tradicional, al\u00e9m de valorizar a habilidade dos\u00a0marinheiros brasileiros.<\/p>\n<h3 data-start=\"1529\" data-end=\"1587\">Integra\u00e7\u00e3o entre Marinha, Sociedade Civil e Soamarinos<\/h3>\n<p data-start=\"1589\" data-end=\"2012\">A\u00a0velejada\u00a0reuniu\u00a0autoridades civis,\u00a0militares\u00a0e\u00a0Soamarinos\u00a0das cidades de\u00a0Itaja\u00ed,\u00a0Florian\u00f3polis\u00a0e\u00a0S\u00e3o Francisco do Sul, destacando a import\u00e2ncia do\u00a0di\u00e1logo institucional\u00a0e da\u00a0aproxima\u00e7\u00e3o entre a sociedade catarinense e a Marinha. O evento tamb\u00e9m refor\u00e7ou o papel da\u00a0Sociedade Amigos da Marinha (Soamar)\u00a0como parceira estrat\u00e9gica na\u00a0divulga\u00e7\u00e3o da mentalidade mar\u00edtima brasileira.<\/p>\n<div class=\"code-block code-block-7\">Durante a navega\u00e7\u00e3o, os convidados puderam vivenciar parte da rotina a bordo, fortalecendo os la\u00e7os de coopera\u00e7\u00e3o e amizade\u00a0com a\u00a0For\u00e7a Naval. Atividades como essa t\u00eam sido fundamentais para sensibilizar a opini\u00e3o p\u00fablica sobre a relev\u00e2ncia do\u00a0Poder Mar\u00edtimo\u00a0para o desenvolvimento e a seguran\u00e7a do pa\u00eds.<\/div>\n<div>\n<h3 data-start=\"2332\" data-end=\"2403\">O Papel do Cisne Branco na Diplomacia e na Cultura Naval Brasileira<\/h3>\n<p data-start=\"2405\" data-end=\"2696\">Conhecido como o\u00a0\u201cEmbaixador da Marinha\u201d, o\u00a0Nve Cisne Branco\u00a0cumpre uma miss\u00e3o que vai al\u00e9m da representa\u00e7\u00e3o em eventos n\u00e1uticos. A embarca\u00e7\u00e3o \u00e9 utilizada para\u00a0promover a cultura naval,\u00a0fortalecer a diplomacia mar\u00edtima\u00a0e\u00a0representar o Brasil em cerim\u00f4nias internacionais.<\/p>\n<p data-start=\"2698\" data-end=\"3113\">Ao longo de sua trajet\u00f3ria, o\u00a0Cisne Branco\u00a0j\u00e1 participou de regatas, festivais e encontros de grandes veleiros ao redor do mundo, levando a\u00a0imagem da\u00a0Marinha do Brasil\u00a0e promovendo o\u00a0interc\u00e2mbio cultural entre na\u00e7\u00f5es amigas. A recente velejada em\u00a0Itaja\u00ed\u00a0refor\u00e7a esse compromisso, aproximando ainda mais a\u00a0popula\u00e7\u00e3o civil\u00a0das tradi\u00e7\u00f5es e valores que a\u00a0Marinha do Brasil\u00a0preserva e representa.<\/p>\n<p data-start=\"2698\" data-end=\"3113\">Fonte: Defesa em Foco<\/p>\n<\/div>\n","protected":false},"excerpt":{"rendered":"<p>Em uma manh\u00e3 de c\u00e9u aberto e vento favor\u00e1vel, o\u00a0Navio-Veleiro (Nve) Cisne Branco, um dos maiores s\u00edmbolos da\u00a0Marinha do Brasil, realizou uma\u00a0velejada especial\u00a0com autoridades civis,&#8230;<\/p>\n","protected":false},"author":1527,"featured_media":59835,"comment_status":"closed","ping_status":"closed","sticky":false,"template":"","format":"standard","meta":{"footnotes":""},"categories":[6],"tags":[],"class_list":["post-59833","post","type-post","status-publish","format-standard","has-post-thumbnail","hentry","category-noticias"],"_links":{"self":[{"href":"https:\/\/www.sincomam.org.br\/index.php\/wp-json\/wp\/v2\/posts\/59833","targetHints":{"allow":["GET"]}}],"collection":[{"href":"https:\/\/www.sincomam.org.br\/index.php\/wp-json\/wp\/v2\/posts"}],"about":[{"href":"https:\/\/www.sincomam.org.br\/index.php\/wp-json\/wp\/v2\/types\/post"}],"author":[{"embeddable":true,"href":"https:\/\/www.sincomam.org.br\/index.php\/wp-json\/wp\/v2\/users\/1527"}],"replies":[{"embeddable":true,"href":"https:\/\/www.sincomam.org.br\/index.php\/wp-json\/wp\/v2\/comments?post=59833"}],"version-history":[{"count":1,"href":"https:\/\/www.sincomam.org.br\/index.php\/wp-json\/wp\/v2\/posts\/59833\/revisions"}],"predecessor-version":[{"id":59836,"href":"https:\/\/www.sincomam.org.br\/index.php\/wp-json\/wp\/v2\/posts\/59833\/revisions\/59836"}],"wp:featuredmedia":[{"embeddable":true,"href":"https:\/\/www.sincomam.org.br\/index.php\/wp-json\/wp\/v2\/media\/59835"}],"wp:attachment":[{"href":"https:\/\/www.sincomam.org.br\/index.php\/wp-json\/wp\/v2\/media?parent=59833"}],"wp:term":[{"taxonomy":"category","embeddable":true,"href":"https:\/\/www.sincomam.org.br\/index.php\/wp-json\/wp\/v2\/categories?post=59833"},{"taxonomy":"post_tag","embeddable":true,"href":"https:\/\/www.sincomam.org.br\/index.php\/wp-json\/wp\/v2\/tags?post=59833"}],"curies":[{"name":"wp","href":"https:\/\/api.w.org\/{rel}","templated":true}]}}