{"id":59825,"date":"2025-06-24T09:54:37","date_gmt":"2025-06-24T12:54:37","guid":{"rendered":"https:\/\/www.sincomam.org.br\/?p=59825"},"modified":"2025-06-24T09:54:37","modified_gmt":"2025-06-24T12:54:37","slug":"aps-lanca-licitacao-para-reforco-estrutural-e-aumento-do-calado-do-cais-da-ilha-barnabe","status":"publish","type":"post","link":"https:\/\/www.sincomam.org.br\/index.php\/aps-lanca-licitacao-para-reforco-estrutural-e-aumento-do-calado-do-cais-da-ilha-barnabe\/","title":{"rendered":"APS lan\u00e7a licita\u00e7\u00e3o para refor\u00e7o estrutural e aumento do calado do cais da Ilha Barnab\u00e9"},"content":{"rendered":"<p>Autoridade Portu\u00e1ria de Santos (APS) lan\u00e7ou, nesta segunda-feira (23) o edital de n\u00ba 40\/2025 para contratar servi\u00e7os especializados de refor\u00e7o estrutural do cais da Ilha Barnab\u00e9. As obras, com prazo de execu\u00e7\u00e3o de 21 meses, visam adequar o terminal a embarca\u00e7\u00f5es de maior porte.<\/p>\n<p>Os servi\u00e7os incluem o refor\u00e7o estrutural do cais e dos quatro dolfins de amarra\u00e7\u00e3o existentes, a recupera\u00e7\u00e3o de estacas e o aumento do calado operacional de -10,0m para -15,0m. O projeto b\u00e1sico tamb\u00e9m prev\u00ea a instala\u00e7\u00e3o um novo dolfim, defensas e passarelas met\u00e1licas, bem como a implanta\u00e7\u00e3o de duas caixas separadoras de \u00f3leo para tratamento de efluentes.<\/p>\n<p>A APS tornou p\u00fablicos outros sete editais nas \u00faltimas semanas, visando a contrata\u00e7\u00e3o de equipamentos para as subesta\u00e7\u00f5es el\u00e9tricas da APS, sinaliza\u00e7\u00e3o vi\u00e1ria, servi\u00e7os de transporte a\u00e9reo e coletes bal\u00edsticos para a Guarda Portu\u00e1ria, entre outros. As licita\u00e7\u00f5es est\u00e3o dispon\u00edveis para consulta na p\u00e1gina de licita\u00e7\u00f5es do portal da empresa.<\/p>\n<p>Confira o resumo de cada edital<\/p>\n<p>Licita\u00e7\u00e3o 35\/2025<br \/>\nObjeto: fornecimento, sob demanda, de insumos veterin\u00e1rios.<br \/>\nVig\u00eancia do contrato: 12 meses.<br \/>\nPrazo para envio de propostas: at\u00e9 as 10h de 01\/07.<\/p>\n<p>Licita\u00e7\u00e3o 36\/2025<br \/>\nObjeto: presta\u00e7\u00e3o de servi\u00e7os de transporte a\u00e9reo por meio de helic\u00f3ptero bimotor.<br \/>\nVig\u00eancia do contrato: 12 meses.<br \/>\nPrazo para envio de propostas: at\u00e9 as 10h de 08\/07.<\/p>\n<p>Licita\u00e7\u00e3o 37\/2025<br \/>\nObjeto: fornecimento de cabos el\u00e9tricos de pot\u00eancia, disjuntores de m\u00e9dia tens\u00e3o, transformadores de pot\u00eancia, emendas para cabos de m\u00e9dia tens\u00e3o, e outros equipamentos especiais visando aprimorar a operacionalidade e melhoria das condi\u00e7\u00f5es de seguran\u00e7a nos servi\u00e7os realizados nas subesta\u00e7\u00f5es el\u00e9tricas.<br \/>\nVig\u00eancia do contrato: 180 dias.<br \/>\nPrazo para envio de propostas: at\u00e9 as 10h de 02\/07.<\/p>\n<p>Licita\u00e7\u00e3o 38\/2025<br \/>\nObjeto: fornecimento de materiais de escrit\u00f3rio para atendimento das necessidades do Porto de Itaja\u00ed \u2013 Filial APS.<br \/>\nVig\u00eancia do contrato: 3 meses .<br \/>\nPrazo para envio de propostas:?at\u00e9 as 10h de 04\/07.<\/p>\n<p>Licita\u00e7\u00e3o 39\/2025<br \/>\nObjeto: servi\u00e7o para manuten\u00e7\u00e3o e implanta\u00e7\u00e3o de sinaliza\u00e7\u00e3o vi\u00e1ria vertical e horizontal em ambas as margens do Porto de Santos e em \u00e1reas sob a responsabilidade da Autoridade Portu\u00e1ria de Santos.<br \/>\nVig\u00eancia do contrato: 20 meses.<br \/>\nPrazo para envio de propostas: at\u00e9 as 10h de 14\/07.<\/p>\n<p>Licita\u00e7\u00e3o 40\/2025<br \/>\nObjeto: servi\u00e7o de execu\u00e7\u00e3o do refor\u00e7o estrutural do cais e dolfins existentes, recupera\u00e7\u00e3o estrutural das estacas prancha do cais, necess\u00e1rios para o aumento de calado do cais operante na Ilha Barnab\u00e9, instala\u00e7\u00e3o de novas defensas, implanta\u00e7\u00e3o de um novo dolfim, instala\u00e7\u00e3o de passarelas met\u00e1lica entre os dolfins, e a implanta\u00e7\u00e3o de duas caixas separadoras de \u00f3leo nas extremidades do cais.<br \/>\nVig\u00eancia do contrato: 26 meses.<br \/>\nPrazo para envio de propostas: at\u00e9 as 10h de 15\/07.<\/p>\n<p>Licita\u00e7\u00e3o 41\/2025<br \/>\nObjeto: fornecimento de capas externas de coletes bal\u00edsticos para a Superintend\u00eancia da Guarda Portu\u00e1ria.<br \/>\nVig\u00eancia do contrato: 12 meses.<br \/>\nPrazo para envio de propostas: at\u00e9 as 10h de 04\/07.<\/p>\n<p>Licita\u00e7\u00e3o 42\/2025<br \/>\nObjeto: fornecimento de materiais e equipamentos para o Setores de Controle B\u00e9lico, Canil e Patrulhamento Mar\u00edtimo, da Ger\u00eancia de Opera\u00e7\u00e3o.<br \/>\nVig\u00eancia do contrato: 12 meses.<br \/>\nPrazo para envio de propostas: at\u00e9 as 10h de 03\/07.<\/p>\n<p>Fonte: Portos e Navios<\/p>\n","protected":false},"excerpt":{"rendered":"<p>Autoridade Portu\u00e1ria de Santos (APS) lan\u00e7ou, nesta segunda-feira (23) o edital de n\u00ba 40\/2025 para contratar servi\u00e7os especializados de refor\u00e7o estrutural do cais da Ilha&#8230;<\/p>\n","protected":false},"author":1527,"featured_media":59827,"comment_status":"closed","ping_status":"closed","sticky":false,"template":"","format":"standard","meta":{"footnotes":""},"categories":[6],"tags":[],"class_list":["post-59825","post","type-post","status-publish","format-standard","has-post-thumbnail","hentry","category-noticias"],"_links":{"self":[{"href":"https:\/\/www.sincomam.org.br\/index.php\/wp-json\/wp\/v2\/posts\/59825","targetHints":{"allow":["GET"]}}],"collection":[{"href":"https:\/\/www.sincomam.org.br\/index.php\/wp-json\/wp\/v2\/posts"}],"about":[{"href":"https:\/\/www.sincomam.org.br\/index.php\/wp-json\/wp\/v2\/types\/post"}],"author":[{"embeddable":true,"href":"https:\/\/www.sincomam.org.br\/index.php\/wp-json\/wp\/v2\/users\/1527"}],"replies":[{"embeddable":true,"href":"https:\/\/www.sincomam.org.br\/index.php\/wp-json\/wp\/v2\/comments?post=59825"}],"version-history":[{"count":1,"href":"https:\/\/www.sincomam.org.br\/index.php\/wp-json\/wp\/v2\/posts\/59825\/revisions"}],"predecessor-version":[{"id":59828,"href":"https:\/\/www.sincomam.org.br\/index.php\/wp-json\/wp\/v2\/posts\/59825\/revisions\/59828"}],"wp:featuredmedia":[{"embeddable":true,"href":"https:\/\/www.sincomam.org.br\/index.php\/wp-json\/wp\/v2\/media\/59827"}],"wp:attachment":[{"href":"https:\/\/www.sincomam.org.br\/index.php\/wp-json\/wp\/v2\/media?parent=59825"}],"wp:term":[{"taxonomy":"category","embeddable":true,"href":"https:\/\/www.sincomam.org.br\/index.php\/wp-json\/wp\/v2\/categories?post=59825"},{"taxonomy":"post_tag","embeddable":true,"href":"https:\/\/www.sincomam.org.br\/index.php\/wp-json\/wp\/v2\/tags?post=59825"}],"curies":[{"name":"wp","href":"https:\/\/api.w.org\/{rel}","templated":true}]}}