{"id":59813,"date":"2025-06-23T11:35:54","date_gmt":"2025-06-23T14:35:54","guid":{"rendered":"https:\/\/www.sincomam.org.br\/?p=59813"},"modified":"2025-06-23T11:35:54","modified_gmt":"2025-06-23T14:35:54","slug":"ministerio-institui-grupo-de-trabalho-para-criacao-da-autoridade-portuaria-do-porto-de-itajai","status":"publish","type":"post","link":"https:\/\/www.sincomam.org.br\/index.php\/ministerio-institui-grupo-de-trabalho-para-criacao-da-autoridade-portuaria-do-porto-de-itajai\/","title":{"rendered":"Minist\u00e9rio institui Grupo de Trabalho para cria\u00e7\u00e3o da Autoridade Portu\u00e1ria do Porto de Itaja\u00ed"},"content":{"rendered":"<p>O Minist\u00e9rio de Portos e Aeroportos (MPor), por meio da Secretaria Nacional de Portos (SNP), criou, nessa segunda-feira (16), Grupo T\u00e9cnico de Trabalho (GTT) para discutir os aspectos t\u00e9cnicos da proposta de cria\u00e7\u00e3o da empresa p\u00fablica federal, que vai exercer as fun\u00e7\u00f5es de Autoridade Portu\u00e1ria do Porto Organizado de Itaja\u00ed, em Santa Catarina.<\/p>\n<p>\u201cA cria\u00e7\u00e3o deste grupo \u00e9 um mais um passo para refor\u00e7ar a infraestrutura portu\u00e1ria da regi\u00e3o. Em maio, junto como presidente Luiz In\u00e1cio Lula da Silva, anunciamos em Santa Catarina investimentos de R$ 844 milh\u00f5es para o porto, at\u00e9 2030\u201d, afirmou o ministro do MPor, Silvio Costa Filho, lembrando que os recursos ser\u00e3o investidos na moderniza\u00e7\u00e3o, seguran\u00e7a, efici\u00eancia log\u00edstica e amplia\u00e7\u00e3o da capacidade portu\u00e1ria.<\/p>\n<p>Atualmente, o Porto de Itaja\u00ed \u00e9 administrado pela Autoridade Portu\u00e1ria de Santos. Com a institui\u00e7\u00e3o da nova autoridade, o complexo passar\u00e1 a contar com gest\u00e3o pr\u00f3pria e autonomia na administra\u00e7\u00e3o de seus recursos.<\/p>\n<p>O an\u00fancio da futura Companhia Docas de Itaja\u00ed foi feito em 29 de maio, durante visita do presidente Luiz In\u00e1cio Lula da Silva e do ministro Silvio Costa Filho ao munic\u00edpio catarinense.\u00a0A medida refor\u00e7a a import\u00e2ncia dos investimentos do Governo Federal em infraestrutura portu\u00e1ria como vetor de desenvolvimento econ\u00f4mico e de melhoria na qualidade de vida da popula\u00e7\u00e3o.<\/p>\n<p><strong>Trabalho conjunto<\/strong><\/p>\n<p>O Grupo ser\u00e1 respons\u00e1vel por realizar an\u00e1lises t\u00e9cnicas, jur\u00eddicas, administrativas e financeiras sobre a cria\u00e7\u00e3o da empresa p\u00fablica e propor o modelo jur\u00eddico-institucional adequado. Tamb\u00e9m caber\u00e1 ao Grupo T\u00e9cnico de Trabalho avaliar o impacto da cria\u00e7\u00e3o da empresa p\u00fablica sobre as atividades portu\u00e1rias, os contratos de arrendamento e as concess\u00f5es existentes, al\u00e9m de elaborar minuta de proposta legislativa ou de ato normativo, conforme a necessidade identificada, e apresentar relat\u00f3rio conclusivo com recomenda\u00e7\u00f5es ao Minist\u00e9rio de Portos e Aeroportos.<\/p>\n<p>A partir de agora, o GTT ter\u00e1 prazo de 90 dias, contados da data de sua instala\u00e7\u00e3o, para a conclus\u00e3o dos trabalhos, podendo ser prorrogado, por igual per\u00edodo, mediante justificativa fundamentada. Com todas as an\u00e1lises conclu\u00eddas, o texto final do trabalho servir\u00e1 como base para a cria\u00e7\u00e3o da Medida Provis\u00f3ria (MP) que criar\u00e1 a Autoridade Portu\u00e1ria do Porto de Itaja\u00ed.<\/p>\n<p>Fonte: Informativo dos Portos<\/p>\n","protected":false},"excerpt":{"rendered":"<p>O Minist\u00e9rio de Portos e Aeroportos (MPor), por meio da Secretaria Nacional de Portos (SNP), criou, nessa segunda-feira (16), Grupo T\u00e9cnico de Trabalho (GTT) para&#8230;<\/p>\n","protected":false},"author":1527,"featured_media":59815,"comment_status":"closed","ping_status":"closed","sticky":false,"template":"","format":"standard","meta":{"footnotes":""},"categories":[6],"tags":[],"class_list":["post-59813","post","type-post","status-publish","format-standard","has-post-thumbnail","hentry","category-noticias"],"_links":{"self":[{"href":"https:\/\/www.sincomam.org.br\/index.php\/wp-json\/wp\/v2\/posts\/59813","targetHints":{"allow":["GET"]}}],"collection":[{"href":"https:\/\/www.sincomam.org.br\/index.php\/wp-json\/wp\/v2\/posts"}],"about":[{"href":"https:\/\/www.sincomam.org.br\/index.php\/wp-json\/wp\/v2\/types\/post"}],"author":[{"embeddable":true,"href":"https:\/\/www.sincomam.org.br\/index.php\/wp-json\/wp\/v2\/users\/1527"}],"replies":[{"embeddable":true,"href":"https:\/\/www.sincomam.org.br\/index.php\/wp-json\/wp\/v2\/comments?post=59813"}],"version-history":[{"count":1,"href":"https:\/\/www.sincomam.org.br\/index.php\/wp-json\/wp\/v2\/posts\/59813\/revisions"}],"predecessor-version":[{"id":59816,"href":"https:\/\/www.sincomam.org.br\/index.php\/wp-json\/wp\/v2\/posts\/59813\/revisions\/59816"}],"wp:featuredmedia":[{"embeddable":true,"href":"https:\/\/www.sincomam.org.br\/index.php\/wp-json\/wp\/v2\/media\/59815"}],"wp:attachment":[{"href":"https:\/\/www.sincomam.org.br\/index.php\/wp-json\/wp\/v2\/media?parent=59813"}],"wp:term":[{"taxonomy":"category","embeddable":true,"href":"https:\/\/www.sincomam.org.br\/index.php\/wp-json\/wp\/v2\/categories?post=59813"},{"taxonomy":"post_tag","embeddable":true,"href":"https:\/\/www.sincomam.org.br\/index.php\/wp-json\/wp\/v2\/tags?post=59813"}],"curies":[{"name":"wp","href":"https:\/\/api.w.org\/{rel}","templated":true}]}}