{"id":59789,"date":"2025-06-20T12:13:14","date_gmt":"2025-06-20T15:13:14","guid":{"rendered":"https:\/\/www.sincomam.org.br\/?p=59789"},"modified":"2025-06-20T12:13:14","modified_gmt":"2025-06-20T15:13:14","slug":"precariedade-operacional-e-crescimento-do-trafego-fluvial-expoem-necessidade-de-terminal-portuario-em-pao-de-acucar-al","status":"publish","type":"post","link":"https:\/\/www.sincomam.org.br\/index.php\/precariedade-operacional-e-crescimento-do-trafego-fluvial-expoem-necessidade-de-terminal-portuario-em-pao-de-acucar-al\/","title":{"rendered":"Precariedade Operacional e Crescimento do Tr\u00e1fego Fluvial Exp\u00f5em Necessidade de Terminal Portu\u00e1rio em P\u00e3o de A\u00e7\u00facar (AL)"},"content":{"rendered":"<p>O\u00a0Baixo S\u00e3o Francisco, tradicional via de transporte fluvial entre os estados de Alagoas e Sergipe, est\u00e1 no centro de um novo ciclo de investimentos em infraestrutura hidrovi\u00e1ria. Por meio de recursos do Minist\u00e9rio dos Transportes, o\u00a0Departamento Nacional de Infraestrutura de Transportes (DNIT)\u00a0e a\u00a0Ag\u00eancia Nacional de Transportes Aquavi\u00e1rios (ANTAQ)\u00a0prev\u00eam, para 2025, a instala\u00e7\u00e3o de terminais portu\u00e1rios flutuantes de pequeno porte em quatro munic\u00edpios alagoanos: Piranhas, Belo Monte, Penedo e Pia\u00e7abu\u00e7u.<\/p>\n<p>A iniciativa visa\u00a0melhorar a log\u00edstica de carga e passageiros, fortalecer\u00a0a seguran\u00e7a da navega\u00e7\u00e3o\u00a0e ampliar a\u00a0capacidade operacional\u00a0de uma regi\u00e3o historicamente dependente do modal fluvial. Esses investimentos fazem parte de um programa federal mais amplo, voltado \u00e0 moderniza\u00e7\u00e3o da infraestrutura aquavi\u00e1ria nacional.<\/p>\n<h3>O Caso de P\u00e3o de A\u00e7\u00facar: Um Ponto Cr\u00edtico Ignorado no Planejamento Atual<\/h3>\n<p>Apesar da relev\u00e2ncia log\u00edstica e econ\u00f4mica, o munic\u00edpio de P\u00e3o de A\u00e7\u00facar\u00a0ficou de fora\u00a0da etapa inicial desse programa de investimentos. A exclus\u00e3o preocupa autoridades locais, operadores log\u00edsticos e, especialmente, a\u00a0Marinha do Brasil, que tem intensificado sua presen\u00e7a fiscalizat\u00f3ria na regi\u00e3o.<\/p>\n<p>A cidade opera hoje em\u00a0condi\u00e7\u00f5es prec\u00e1rias: todas as opera\u00e7\u00f5es de embarque e desembarque s\u00e3o realizadas diretamente na faixa de areia da margem do rio S\u00e3o Francisco. Ve\u00edculos de transporte de cargas, passageiros e at\u00e9 balsas procedem atraca\u00e7\u00e3o de forma improvisada, sem qualquer infraestrutura f\u00edsica que assegure condi\u00e7\u00f5es m\u00ednimas de seguran\u00e7a operacional.<\/p>\n<p>Essa realidade contrasta fortemente com os avan\u00e7os planejados para os demais munic\u00edpios da regi\u00e3o e exp\u00f5e a urg\u00eancia de um olhar t\u00e9cnico mais atento por parte da ANTAQ e do DNIT e demais \u00f3rg\u00e3os envolvidos.<\/p>\n<h3>Crescimento Econ\u00f4mico e Aumento do Tr\u00e1fego Fluvial: Um Fator de Press\u00e3o Sobre a Seguran\u00e7a da Navega\u00e7\u00e3o<\/h3>\n<p>A economia de P\u00e3o de A\u00e7\u00facar tem demonstrado\u00a0crescimento not\u00e1vel nos \u00faltimos anos, com destaque para o escoamento de produtos agropecu\u00e1rios, como o leite proveniente de Niter\u00f3i (SE), que transita por balsas e embarca\u00e7\u00f5es comerciais. Esse aumento no volume de tr\u00e1fego fluvial imp\u00f5e desafios adicionais \u00e0 seguran\u00e7a da navega\u00e7\u00e3o e \u00e0 gest\u00e3o portu\u00e1ria.<\/p>\n<p>Em resposta a esse novo cen\u00e1rio, a\u00a0Ag\u00eancia Fluvial de Penedo\u00a0vem ampliando suas opera\u00e7\u00f5es de fiscaliza\u00e7\u00e3o, inclusive com a realiza\u00e7\u00e3o de inspe\u00e7\u00f5es navais em hor\u00e1rio noturno \u2013 uma medida pouco comum para localidades de pequeno porte, mas que se tornou necess\u00e1ria diante do aumento do fluxo de embarca\u00e7\u00f5es e dos riscos associados \u00e0 opera\u00e7\u00e3o em \u00e1reas desprovidas de infraestrutura adequada.<\/p>\n<h3>A Urg\u00eancia de um Plano Integrado: Terminal Portu\u00e1rio e Ordenamento da Orla<\/h3>\n<p>A aus\u00eancia de um terminal portu\u00e1rio em P\u00e3o de A\u00e7\u00facar n\u00e3o \u00e9 apenas um problema log\u00edstico:\u00a0trata-se de uma vulnerabilidade que afeta diretamente a seguran\u00e7a da navega\u00e7\u00e3o, a prote\u00e7\u00e3o ambiental e o desenvolvimento socioecon\u00f4mico da regi\u00e3o. O cen\u00e1rio refor\u00e7a a necessidade de uma abordagem integrada, que contemple n\u00e3o apenas a constru\u00e7\u00e3o de infraestrutura f\u00edsica, mas tamb\u00e9m a implementa\u00e7\u00e3o de um Plano de Ordenamento da Orla.<\/p>\n<p>Esse tipo de ordenamento permitiria, por exemplo:<\/p>\n<ul>\n<li>A delimita\u00e7\u00e3o de \u00e1reas de fundeio e atraca\u00e7\u00e3o;<\/li>\n<li>A instala\u00e7\u00e3o de sinaliza\u00e7\u00e3o n\u00e1utica adequada (como boias de balizamento);<\/li>\n<li>A defini\u00e7\u00e3o de rotas seguras para o tr\u00e1fego de embarca\u00e7\u00f5es comerciais e de passageiros;<\/li>\n<li>O controle de impactos ambientais decorrentes do uso intensivo da orla fluvial.<\/li>\n<\/ul>\n<p>A Marinha do Brasil tem sido uma voz t\u00e9cnica importante na defesa dessas medidas, alertando para os riscos operacionais e ambientais associados \u00e0 aus\u00eancia de planejamento e infraestrutura adequada.<\/p>\n<h3>Depois de Anos o Baixo S\u00e3o Francisco Volta a ter Investimentos<\/h3>\n<p>Com a continuidade do programa federal de moderniza\u00e7\u00e3o portu\u00e1ria, espera-se que P\u00e3o de A\u00e7\u00facar passe a ser inclu\u00eddo nas pr\u00f3ximas fases de investimentos. A reavalia\u00e7\u00e3o do atual plano da ANTAQ e do DNIT, levando em conta os dados de tr\u00e1fego, os riscos \u00e0 seguran\u00e7a da navega\u00e7\u00e3o e as demandas da comunidade local, \u00e9 uma necessidade estrat\u00e9gica.<\/p>\n<p>A conjuga\u00e7\u00e3o de esfor\u00e7os entre a ANTAQ e o DNIT, a Prefeitura Municipal, a comunidade mar\u00edtima e a Marinha do Brasil ser\u00e1 fundamental para reverter o quadro de precariedade e garantir que o desenvolvimento da regi\u00e3o do Baixo S\u00e3o Francisco ocorra de maneira segura, sustent\u00e1vel e inclusiva.<\/p>\n<p>Fonte: Defesa em Foco<\/p>\n","protected":false},"excerpt":{"rendered":"<p>O\u00a0Baixo S\u00e3o Francisco, tradicional via de transporte fluvial entre os estados de Alagoas e Sergipe, est\u00e1 no centro de um novo ciclo de investimentos em&#8230;<\/p>\n","protected":false},"author":1527,"featured_media":59791,"comment_status":"closed","ping_status":"closed","sticky":false,"template":"","format":"standard","meta":{"footnotes":""},"categories":[6],"tags":[],"class_list":["post-59789","post","type-post","status-publish","format-standard","has-post-thumbnail","hentry","category-noticias"],"_links":{"self":[{"href":"https:\/\/www.sincomam.org.br\/index.php\/wp-json\/wp\/v2\/posts\/59789","targetHints":{"allow":["GET"]}}],"collection":[{"href":"https:\/\/www.sincomam.org.br\/index.php\/wp-json\/wp\/v2\/posts"}],"about":[{"href":"https:\/\/www.sincomam.org.br\/index.php\/wp-json\/wp\/v2\/types\/post"}],"author":[{"embeddable":true,"href":"https:\/\/www.sincomam.org.br\/index.php\/wp-json\/wp\/v2\/users\/1527"}],"replies":[{"embeddable":true,"href":"https:\/\/www.sincomam.org.br\/index.php\/wp-json\/wp\/v2\/comments?post=59789"}],"version-history":[{"count":1,"href":"https:\/\/www.sincomam.org.br\/index.php\/wp-json\/wp\/v2\/posts\/59789\/revisions"}],"predecessor-version":[{"id":59792,"href":"https:\/\/www.sincomam.org.br\/index.php\/wp-json\/wp\/v2\/posts\/59789\/revisions\/59792"}],"wp:featuredmedia":[{"embeddable":true,"href":"https:\/\/www.sincomam.org.br\/index.php\/wp-json\/wp\/v2\/media\/59791"}],"wp:attachment":[{"href":"https:\/\/www.sincomam.org.br\/index.php\/wp-json\/wp\/v2\/media?parent=59789"}],"wp:term":[{"taxonomy":"category","embeddable":true,"href":"https:\/\/www.sincomam.org.br\/index.php\/wp-json\/wp\/v2\/categories?post=59789"},{"taxonomy":"post_tag","embeddable":true,"href":"https:\/\/www.sincomam.org.br\/index.php\/wp-json\/wp\/v2\/tags?post=59789"}],"curies":[{"name":"wp","href":"https:\/\/api.w.org\/{rel}","templated":true}]}}