{"id":59785,"date":"2025-06-20T12:09:18","date_gmt":"2025-06-20T15:09:18","guid":{"rendered":"https:\/\/www.sincomam.org.br\/?p=59785"},"modified":"2025-06-20T12:09:18","modified_gmt":"2025-06-20T15:09:18","slug":"pem-nordeste-ufpe-lidera-mapeamento-estrategico-do-uso-do-mar","status":"publish","type":"post","link":"https:\/\/www.sincomam.org.br\/index.php\/pem-nordeste-ufpe-lidera-mapeamento-estrategico-do-uso-do-mar\/","title":{"rendered":"PEM Nordeste: UFPE lidera mapeamento estrat\u00e9gico do uso do mar"},"content":{"rendered":"<p data-start=\"96\" data-end=\"644\">A\u00a0Universidade Federal de Pernambuco (UFPE)\u00a0deu um passo importante na gest\u00e3o sustent\u00e1vel do litoral nordestino ao sediar, no dia 17 de junho, o lan\u00e7amento do\u00a0Planejamento Espacial Marinho (PEM)\u00a0da Regi\u00e3o Nordeste. O projeto, que integra uma pol\u00edtica p\u00fablica nacional, busca mapear e organizar os diferentes usos do mar. A UFPE, uma das 13 universidades envolvidas, tem papel de destaque na coordena\u00e7\u00e3o das atividades em Pernambuco, com o trabalho liderado pelos professores Marcelo N\u00f3brega e Tereza Ara\u00fajo, do Departamento de Oceanografia.<\/p>\n<h3 data-start=\"651\" data-end=\"728\">O que \u00e9 o Planejamento Espacial Marinho (PEM) e sua aplica\u00e7\u00e3o no Nordeste<\/h3>\n<p data-start=\"730\" data-end=\"1104\">O\u00a0Planejamento Espacial Marinho (PEM)\u00a0\u00e9 uma iniciativa estrat\u00e9gica que busca organizar os diversos usos do espa\u00e7o mar\u00edtimo, conciliando atividades econ\u00f4micas, sociais e ambientais de forma sustent\u00e1vel. Inspirado em modelos internacionais e alinhado com diretrizes da ONU para a\u00a0governan\u00e7a dos oceanos, o PEM \u00e9 uma resposta brasileira aos desafios da gest\u00e3o costeira.<\/p>\n<p data-start=\"1106\" data-end=\"1535\">No caso do\u00a0PEM Nordeste, o foco \u00e9 mapear as caracter\u00edsticas f\u00edsicas, ecol\u00f3gicas, sociais e econ\u00f4micas da\u00a0plataforma continental, das regi\u00f5es estuarinas e costeiras, abrangendo os estados de\u00a0Pernambuco, Alagoas, Bahia, Para\u00edba, Rio Grande do Norte, Cear\u00e1 e Piau\u00ed. A UFPE integra um cons\u00f3rcio com outras 12 universidades da regi\u00e3o, atuando sob coordena\u00e7\u00e3o da\u00a0Funda\u00e7\u00e3o Norte-Rio-Grandense de Pesquisa e Cultura (Funpec).<\/p>\n<p data-start=\"1537\" data-end=\"1762\">O projeto, que vai at\u00e9 2028, prev\u00ea a constru\u00e7\u00e3o de um amplo banco de dados com informa\u00e7\u00f5es ambientais, usos tradicionais e novos interesses econ\u00f4micos, como o turismo, a aquicultura e a explora\u00e7\u00e3o de energia renov\u00e1vel no mar.<\/p>\n<h3 data-start=\"1769\" data-end=\"1842\">A participa\u00e7\u00e3o de comunidades e atores locais na gest\u00e3o do uso do mar<\/h3>\n<p data-start=\"1844\" data-end=\"2138\">Um dos principais diferenciais do\u00a0PEM Nordeste\u00a0\u00e9 a sua abordagem participativa. Durante a cerim\u00f4nia de lan\u00e7amento na UFPE, representantes de\u00a0col\u00f4nias de pescadores,\u00a0organiza\u00e7\u00f5es n\u00e3o governamentais\u00a0e\u00a0gestores p\u00fablicos\u00a0marcaram presen\u00e7a, refor\u00e7ando o car\u00e1ter inclusivo do projeto.<\/p>\n<p data-start=\"2140\" data-end=\"2423\">No per\u00edodo da tarde, a din\u00e2mica \u201cMapa Vivo do Mar\u201d foi realizada como atividade colaborativa. Nela, os participantes identificaram, de forma interativa, os diferentes usos do ambiente marinho, incluindo \u00e1reas de pesca, turismo, navega\u00e7\u00e3o, conserva\u00e7\u00e3o ambiental e pesquisa cient\u00edfica.<\/p>\n<p data-start=\"2425\" data-end=\"2657\">O reitor da UFPE,\u00a0professor Alfredo Gomes, destacou a import\u00e2ncia de envolver n\u00e3o apenas a academia, mas tamb\u00e9m as comunidades locais e os diversos atores que utilizam o mar, tornando o planejamento mais representativo e eficaz.<\/p>\n<p data-start=\"2659\" data-end=\"2837\">Essa integra\u00e7\u00e3o entre\u00a0conhecimento cient\u00edfico\u00a0e\u00a0saberes tradicionais\u00a0busca construir um plano de gest\u00e3o costeira que reflita os interesses de toda a sociedade nordestina.<\/p>\n<h3 data-start=\"2844\" data-end=\"2937\">Os desafios e oportunidades do PEM para o desenvolvimento sustent\u00e1vel da costa nordestina<\/h3>\n<p data-start=\"2939\" data-end=\"3239\">A implementa\u00e7\u00e3o do\u00a0PEM Nordeste\u00a0representa uma oportunidade \u00fanica para promover o\u00a0desenvolvimento sustent\u00e1vel\u00a0na regi\u00e3o. A expectativa \u00e9 que, com o mapeamento detalhado dos usos e das voca\u00e7\u00f5es do territ\u00f3rio marinho, seja poss\u00edvel equilibrar a explora\u00e7\u00e3o econ\u00f4mica com a conserva\u00e7\u00e3o ambiental.<\/p>\n<p data-start=\"3241\" data-end=\"3474\">Al\u00e9m de fortalecer setores tradicionais como a\u00a0pesca artesanal\u00a0e o\u00a0turismo de base comunit\u00e1ria, o PEM pode abrir espa\u00e7o para investimentos em\u00a0energia e\u00f3lica offshore,\u00a0aquicultura sustent\u00e1vel\u00a0e\u00a0pesquisa cient\u00edfica.<\/p>\n<p data-start=\"3476\" data-end=\"3711\">Do ponto de vista geopol\u00edtico, o\u00a0Brasil\u00a0refor\u00e7a sua posi\u00e7\u00e3o internacional ao avan\u00e7ar na\u00a0gest\u00e3o integrada do espa\u00e7o marinho, seguindo as metas da\u00a0D\u00e9cada da Ci\u00eancia Oce\u00e2nica para o Desenvolvimento Sustent\u00e1vel, promovida pela ONU.<\/p>\n<p data-start=\"3713\" data-end=\"3970\">O grande desafio, segundo os coordenadores do projeto, ser\u00e1 garantir que todas as vozes \u2014 desde pesquisadores at\u00e9 comunidades costeiras \u2014 sejam ouvidas e que o resultado final seja uma ferramenta eficaz de\u00a0governan\u00e7a oce\u00e2nica\u00a0para o Nordeste brasileiro.<\/p>\n<p data-start=\"3713\" data-end=\"3970\">Fonte: Defesa em Foco<\/p>\n","protected":false},"excerpt":{"rendered":"<p>A\u00a0Universidade Federal de Pernambuco (UFPE)\u00a0deu um passo importante na gest\u00e3o sustent\u00e1vel do litoral nordestino ao sediar, no dia 17 de junho, o lan\u00e7amento do\u00a0Planejamento Espacial&#8230;<\/p>\n","protected":false},"author":1527,"featured_media":59787,"comment_status":"closed","ping_status":"closed","sticky":false,"template":"","format":"standard","meta":{"footnotes":""},"categories":[6],"tags":[],"class_list":["post-59785","post","type-post","status-publish","format-standard","has-post-thumbnail","hentry","category-noticias"],"_links":{"self":[{"href":"https:\/\/www.sincomam.org.br\/index.php\/wp-json\/wp\/v2\/posts\/59785","targetHints":{"allow":["GET"]}}],"collection":[{"href":"https:\/\/www.sincomam.org.br\/index.php\/wp-json\/wp\/v2\/posts"}],"about":[{"href":"https:\/\/www.sincomam.org.br\/index.php\/wp-json\/wp\/v2\/types\/post"}],"author":[{"embeddable":true,"href":"https:\/\/www.sincomam.org.br\/index.php\/wp-json\/wp\/v2\/users\/1527"}],"replies":[{"embeddable":true,"href":"https:\/\/www.sincomam.org.br\/index.php\/wp-json\/wp\/v2\/comments?post=59785"}],"version-history":[{"count":1,"href":"https:\/\/www.sincomam.org.br\/index.php\/wp-json\/wp\/v2\/posts\/59785\/revisions"}],"predecessor-version":[{"id":59788,"href":"https:\/\/www.sincomam.org.br\/index.php\/wp-json\/wp\/v2\/posts\/59785\/revisions\/59788"}],"wp:featuredmedia":[{"embeddable":true,"href":"https:\/\/www.sincomam.org.br\/index.php\/wp-json\/wp\/v2\/media\/59787"}],"wp:attachment":[{"href":"https:\/\/www.sincomam.org.br\/index.php\/wp-json\/wp\/v2\/media?parent=59785"}],"wp:term":[{"taxonomy":"category","embeddable":true,"href":"https:\/\/www.sincomam.org.br\/index.php\/wp-json\/wp\/v2\/categories?post=59785"},{"taxonomy":"post_tag","embeddable":true,"href":"https:\/\/www.sincomam.org.br\/index.php\/wp-json\/wp\/v2\/tags?post=59785"}],"curies":[{"name":"wp","href":"https:\/\/api.w.org\/{rel}","templated":true}]}}