{"id":59771,"date":"2025-06-20T11:53:21","date_gmt":"2025-06-20T14:53:21","guid":{"rendered":"https:\/\/www.sincomam.org.br\/?p=59771"},"modified":"2025-06-20T11:54:17","modified_gmt":"2025-06-20T14:54:17","slug":"movimentacao-no-porto-do-rio-de-janeiro-cresce-27-no-1o-quadrimestre-de-2025","status":"publish","type":"post","link":"https:\/\/www.sincomam.org.br\/index.php\/movimentacao-no-porto-do-rio-de-janeiro-cresce-27-no-1o-quadrimestre-de-2025\/","title":{"rendered":"Movimenta\u00e7\u00e3o no Porto do Rio de Janeiro cresce 27% no 1\u00ba quadrimestre de 2025"},"content":{"rendered":"<p>No primeiro quadrimestre de 2025 (janeiro a abril), o Porto do Rio de Janeiro alcan\u00e7ou excelente desempenho, registrando a movimenta\u00e7\u00e3o de 5,4 milh\u00f5es de toneladas de carga, o que representa um crescimento de 27,48% em rela\u00e7\u00e3o ao mesmo per\u00edodo de 2024 . Desse montante:<br \/>\n\u2022 Cabotagem: 1,8 milh\u00e3o de toneladas (+44,80%)<br \/>\n\u2022 Longo curso: 3,6 milh\u00f5es de toneladas (+19,61%)<br \/>\n\u2022 Carga conteinerizada: 3,8 milh\u00f5es de toneladas (+21,92%)<br \/>\n\u2022 Granel s\u00f3lido: 774 mil toneladas (+20,86%)<br \/>\n\u2022 Granel l\u00edquido: 540 mil toneladas (+74,98%)<br \/>\n\u2022 Carga geral: 324 mil toneladas (+60,85%) .<\/p>\n<p>Esses resultados refor\u00e7am a relev\u00e2ncia do Porto do Rio como importante hub log\u00edstico, atendendo diversos estados do pa\u00eds.<\/p>\n<p>A PortosRio celebrou o desempenho, que acompanha o recorde nacional de movimenta\u00e7\u00e3o em 2024, e atribuiu o resultado \u00e0 moderniza\u00e7\u00e3o de infraestrutura, \u00e0 efici\u00eancia operacional e \u00e0 sinergia com todos os parceiros log\u00edsticos envolvidos .<\/p>\n<p>Francisco Martins, Diretor\u2011Presidente da PortosRio, destaca:<\/p>\n<p>\u201cNosso foco em aprimorar a infraestrutura portu\u00e1ria e aumentar a movimenta\u00e7\u00e3o de cargas tem sido prioridade. Confiamos que o ritmo de crescimento se manter\u00e1 ao longo do ano, refletindo a capacidade e o potencial dos nossos portos e terminais, e reafirmando a relev\u00e2ncia estrat\u00e9gica da PortosRio para o setor portu\u00e1rio e para o desenvolvimento econ\u00f4mico.\u201d<\/p>\n<p>O crescimento not\u00e1vel tamb\u00e9m \u00e9 ressaltado pelos dados da ANTAQ. Segundo o superintendente do Porto do Rio, Leandro Lima:<\/p>\n<p>\u201cAs altas nas v\u00e1rias modalidades de carga, especialmente no granel l\u00edquido, com quase 75% de crescimento, demonstram nosso compromisso em diversificar servi\u00e7os e aumentar competitividade. Continuaremos investindo para consolidar o Porto do Rio como refer\u00eancia em efici\u00eancia e qualidade operacional.\u201d<\/p>\n<p>Com esse crescimento expressivo no quadrimestre, a PortosRio refor\u00e7a sua miss\u00e3o de impulsionar o desenvolvimento econ\u00f4mico nacional, aprimorando a infraestrutura portu\u00e1ria e promovendo conectividade de alto n\u00edvel para toda a cadeia log\u00edstica. A expectativa \u00e9 de que o crescente desempenho se mantenha at\u00e9 o fim do ano, consolidando o Porto do Rio como protagonista no cen\u00e1rio portu\u00e1rio brasileiro.<\/p>\n<p>Fonte: Portos e Navios<\/p>\n","protected":false},"excerpt":{"rendered":"<p>No primeiro quadrimestre de 2025 (janeiro a abril), o Porto do Rio de Janeiro alcan\u00e7ou excelente desempenho, registrando a movimenta\u00e7\u00e3o de 5,4 milh\u00f5es de toneladas&#8230;<\/p>\n","protected":false},"author":1527,"featured_media":59773,"comment_status":"closed","ping_status":"closed","sticky":false,"template":"","format":"standard","meta":{"footnotes":""},"categories":[6],"tags":[],"class_list":["post-59771","post","type-post","status-publish","format-standard","has-post-thumbnail","hentry","category-noticias"],"_links":{"self":[{"href":"https:\/\/www.sincomam.org.br\/index.php\/wp-json\/wp\/v2\/posts\/59771","targetHints":{"allow":["GET"]}}],"collection":[{"href":"https:\/\/www.sincomam.org.br\/index.php\/wp-json\/wp\/v2\/posts"}],"about":[{"href":"https:\/\/www.sincomam.org.br\/index.php\/wp-json\/wp\/v2\/types\/post"}],"author":[{"embeddable":true,"href":"https:\/\/www.sincomam.org.br\/index.php\/wp-json\/wp\/v2\/users\/1527"}],"replies":[{"embeddable":true,"href":"https:\/\/www.sincomam.org.br\/index.php\/wp-json\/wp\/v2\/comments?post=59771"}],"version-history":[{"count":2,"href":"https:\/\/www.sincomam.org.br\/index.php\/wp-json\/wp\/v2\/posts\/59771\/revisions"}],"predecessor-version":[{"id":59775,"href":"https:\/\/www.sincomam.org.br\/index.php\/wp-json\/wp\/v2\/posts\/59771\/revisions\/59775"}],"wp:featuredmedia":[{"embeddable":true,"href":"https:\/\/www.sincomam.org.br\/index.php\/wp-json\/wp\/v2\/media\/59773"}],"wp:attachment":[{"href":"https:\/\/www.sincomam.org.br\/index.php\/wp-json\/wp\/v2\/media?parent=59771"}],"wp:term":[{"taxonomy":"category","embeddable":true,"href":"https:\/\/www.sincomam.org.br\/index.php\/wp-json\/wp\/v2\/categories?post=59771"},{"taxonomy":"post_tag","embeddable":true,"href":"https:\/\/www.sincomam.org.br\/index.php\/wp-json\/wp\/v2\/tags?post=59771"}],"curies":[{"name":"wp","href":"https:\/\/api.w.org\/{rel}","templated":true}]}}