{"id":59763,"date":"2025-06-18T13:27:46","date_gmt":"2025-06-18T16:27:46","guid":{"rendered":"https:\/\/www.sincomam.org.br\/?p=59763"},"modified":"2025-06-18T13:27:46","modified_gmt":"2025-06-18T16:27:46","slug":"pagamento-especial-do-saque-aniversario-do-fgts-continua","status":"publish","type":"post","link":"https:\/\/www.sincomam.org.br\/index.php\/pagamento-especial-do-saque-aniversario-do-fgts-continua\/","title":{"rendered":"Pagamento especial do saque-anivers\u00e1rio do FGTS continua"},"content":{"rendered":"<p>Cerca de 8,1 milh\u00f5es de trabalhadores que aderiram ao saque-anivers\u00e1rio do Fundo de Garantia do Tempo de Servi\u00e7o (FGTS) e foram demitidos sem justa causa de janeiro de 2020 at\u00e9 o fim de fevereiro deste ano continuam a receber, nesta quarta-feira (18), o saldo acima de R$ 3 mil dos dep\u00f3sitos dos antigos empregadores. Ao todo, a Caixa Econ\u00f4mica Federal liberar\u00e1 R$ 6,4 bilh\u00f5es nesta rodada.<img decoding=\"async\" src=\"https:\/\/agenciabrasil.ebc.com.br\/ebc.png?id=1647181&amp;o=node\" \/><img decoding=\"async\" src=\"https:\/\/agenciabrasil.ebc.com.br\/ebc.gif?id=1647181&amp;o=node\" \/><\/p>\n<p>Recebem nesta quarta-feira os trabalhadores nascidos em maio, junho, julho e agosto. Nesta etapa, os trabalhadores com saldo retido maior que R$ 3 mil recebem a diferen\u00e7a entre esse valor e o restante dos dep\u00f3sitos retidos at\u00e9 1\u00ba de junho deste ano.<\/p>\n<p>A Caixa esclarece que, na nova rodada de saque, ser\u00e1 paga a remunera\u00e7\u00e3o dos valores de mar\u00e7o, abril e maio. O FGTS \u00e9 corrigido pela Taxa Referencial (TR) mais 3% ao ano.<\/p>\n<p>O pagamento ser\u00e1 feito na conta cadastrada no aplicativo FGTS at\u00e9 28 de maio, que corresponde a 85% do p\u00fablico-alvo. Quem se cadastrou depois precisar\u00e1 ir a uma ag\u00eancia da Caixa, a uma casa lot\u00e9rica ou a um terminal de atendimento eletr\u00f4nico do banco.<\/p>\n<p><strong>Primeira etapa<\/strong><\/p>\n<p>A primeira etapa, com o pagamento de saldos at\u00e9 R$ 3 mil,\u00a0ocorreu em mar\u00e7o. Segundo o balan\u00e7o mais recente da primeira fase, at\u00e9 28 de maio, 10,1 milh\u00f5es de trabalhadores tinham sacado R$ 5,3 bilh\u00f5es, de um total de 12,2 milh\u00f5es de pessoas com direito a receber.<\/p>\n<p>O trabalhador que teve o saque oferecido nas ag\u00eancias na primeira fase tem at\u00e9 27 de junho para retirar o dinheiro. Ap\u00f3s esse prazo, voltam a valer as regras tradicionais do saque-anivers\u00e1rio.<\/p>\n<p>O dinheiro dos trabalhadores demitidos de 2020 a fevereiro deste ano estava bloqueado para quem optou por essa modalidade de saque, mas foi liberado por uma\u00a0medida provis\u00f3ria (MP)\u00a0no fim de fevereiro. O governo esclareceu que a MP \u00e9 excepcional e retroativa, n\u00e3o beneficiando os futuros demitidos.<\/p>\n<p>Os trabalhadores dispensados sem justa causa a partir de mar\u00e7o e que optaram pelo saque-anivers\u00e1rio continuar\u00e3o a ter o saldo retido, recebendo apenas a multa rescis\u00f3ria de 40%. As demais regras do saque-anivers\u00e1rio n\u00e3o foram alteradas.<\/p>\n<p>Dos 12,2 milh\u00f5es de trabalhadores beneficiados nas duas etapas, apenas 2,5 milh\u00f5es v\u00e3o ter direito ao saldo integral dos dep\u00f3sitos feitos pelos antigos empregadores no Fundo de Garantia do Tempo de Servi\u00e7o (FGTS). Os 9,6 milh\u00f5es restantes ter\u00e3o descontada a antecipa\u00e7\u00e3o do saque-anivers\u00e1rio, tipo de empr\u00e9stimo oferecido por institui\u00e7\u00f5es financeiras.<\/p>\n<h2>Calend\u00e1rio<\/h2>\n<p><strong>Valores at\u00e9 R$ 3 mil<\/strong><\/p>\n<ul>\n<li>6 de marc\u0327o: nascidos em janeiro, fevereiro, marc\u0327o e abril e quem vinculou a conta banc\u00e1ria ao aplicativo FGTS;<\/li>\n<li>7 de marc\u0327o: nascidos em maio, junho, julho e agosto;<\/li>\n<li>10 de marc\u0327o: nascidos em setembro, outubro, novembro e dezembro.<\/li>\n<\/ul>\n<p><strong>Valores acima de R$ 3 mil<\/strong><\/p>\n<ul>\n<li>Diferen\u00e7a entre os R$ 3 mil sacados em mar\u00e7o e o restante do saldo bloqueado;<\/li>\n<li>17 de junho: nascidos janeiro, fevereiro, marc\u0327o e abril e nascidos em janeiro, fevereiro, marc\u0327o e abril e quem vinculou a conta banc\u00e1ria ao aplicativo FGTS;<\/li>\n<li>18 de junho: nascidos em maio, junho, julho e agosto;<\/li>\n<li>20 de junho: nascidos em setembro, outubro, novembro e dezembro.<\/li>\n<\/ul>\n<p>Fonte: Ag\u00eancia Brasil<\/p>\n","protected":false},"excerpt":{"rendered":"<p>Cerca de 8,1 milh\u00f5es de trabalhadores que aderiram ao saque-anivers\u00e1rio do Fundo de Garantia do Tempo de Servi\u00e7o (FGTS) e foram demitidos sem justa causa&#8230;<\/p>\n","protected":false},"author":1527,"featured_media":59765,"comment_status":"closed","ping_status":"closed","sticky":false,"template":"","format":"standard","meta":{"footnotes":""},"categories":[6],"tags":[],"class_list":["post-59763","post","type-post","status-publish","format-standard","has-post-thumbnail","hentry","category-noticias"],"_links":{"self":[{"href":"https:\/\/www.sincomam.org.br\/index.php\/wp-json\/wp\/v2\/posts\/59763","targetHints":{"allow":["GET"]}}],"collection":[{"href":"https:\/\/www.sincomam.org.br\/index.php\/wp-json\/wp\/v2\/posts"}],"about":[{"href":"https:\/\/www.sincomam.org.br\/index.php\/wp-json\/wp\/v2\/types\/post"}],"author":[{"embeddable":true,"href":"https:\/\/www.sincomam.org.br\/index.php\/wp-json\/wp\/v2\/users\/1527"}],"replies":[{"embeddable":true,"href":"https:\/\/www.sincomam.org.br\/index.php\/wp-json\/wp\/v2\/comments?post=59763"}],"version-history":[{"count":1,"href":"https:\/\/www.sincomam.org.br\/index.php\/wp-json\/wp\/v2\/posts\/59763\/revisions"}],"predecessor-version":[{"id":59766,"href":"https:\/\/www.sincomam.org.br\/index.php\/wp-json\/wp\/v2\/posts\/59763\/revisions\/59766"}],"wp:featuredmedia":[{"embeddable":true,"href":"https:\/\/www.sincomam.org.br\/index.php\/wp-json\/wp\/v2\/media\/59765"}],"wp:attachment":[{"href":"https:\/\/www.sincomam.org.br\/index.php\/wp-json\/wp\/v2\/media?parent=59763"}],"wp:term":[{"taxonomy":"category","embeddable":true,"href":"https:\/\/www.sincomam.org.br\/index.php\/wp-json\/wp\/v2\/categories?post=59763"},{"taxonomy":"post_tag","embeddable":true,"href":"https:\/\/www.sincomam.org.br\/index.php\/wp-json\/wp\/v2\/tags?post=59763"}],"curies":[{"name":"wp","href":"https:\/\/api.w.org\/{rel}","templated":true}]}}