{"id":59759,"date":"2025-06-18T12:11:29","date_gmt":"2025-06-18T15:11:29","guid":{"rendered":"https:\/\/www.sincomam.org.br\/?p=59759"},"modified":"2025-06-18T12:11:29","modified_gmt":"2025-06-18T15:11:29","slug":"leilao-da-anp-tem-34-blocos-arrematados-19-na-foz-do-amazonas","status":"publish","type":"post","link":"https:\/\/www.sincomam.org.br\/index.php\/leilao-da-anp-tem-34-blocos-arrematados-19-na-foz-do-amazonas\/","title":{"rendered":"Leil\u00e3o da ANP tem 34 blocos arrematados, 19 na Foz do Amazonas"},"content":{"rendered":"<p>O leil\u00e3o da Ag\u00eancia Nacional do Petr\u00f3leo, G\u00e1s Natural e Biocombust\u00edveis (ANP) nesta ter\u00e7a-feira (17) terminou com 34 blocos de explora\u00e7\u00e3o de petr\u00f3leo arrematados nas bacias do Parecis, Foz do Amazonas, Santos e Pelotas: uma \u00e1rea de 28.359,55 quil\u00f4metros quadrados.\u00a0No total, 172 \u00e1reas de explora\u00e7\u00e3o foram colocadas em leil\u00e3o.<img decoding=\"async\" src=\"https:\/\/agenciabrasil.ebc.com.br\/ebc.png?id=1647466&amp;o=node\" \/><img decoding=\"async\" src=\"https:\/\/agenciabrasil.ebc.com.br\/ebc.gif?id=1647466&amp;o=node\" \/><\/p>\n<p>Nove empresas vencedoras\u00a0\u2014 duas nacionais e sete estrangeiras \u2014\u00a0desembolsaram mais de R$ 989 milh\u00f5es na aquisi\u00e7\u00e3o dos blocos. A previs\u00e3o de investimento m\u00ednimo na fase de explora\u00e7\u00e3o \u00e9 de R$ 1,45 bilh\u00e3o. A Petrobras foi um dos destaques, ao adquirir dez blocos na Bacia Foz do Amazonas e tr\u00eas blocos na Bacia de Pelotas, com desembolso de R$ 139 milh\u00f5es.<\/p>\n<p>A diretora-geral interina da ANP Patricia Baran destacou os resultados obtidos na chamada Margem Equatorial.<\/p>\n<blockquote><p>\u201cTivemos \u00e1gio de quase 3.000% em \u00e1reas da Margem Equatorial e concorr\u00eancia em 7 dos 19 blocos arrematados. Esta foi a primeira vez que \u00e1reas dessa regi\u00e3o foram ofertadas na modalidade de oferta permanente\u201d, disse Patricia. \u201cO resultado de hoje, na vis\u00e3o da ANP, foi bastante positivo, demonstrando a confian\u00e7a dos investidores no potencial explorat\u00f3rio do Brasil\u201d.<\/p><\/blockquote>\n<p>O ministro de Minas e Energia, Alexandre Silveira, disse que a inclus\u00e3o de \u00e1reas da Margem Equatorial, da Bacia do Parecis e da Bacia de Pelotas faz parte de uma estrat\u00e9gia de distribui\u00e7\u00e3o mais equilibrada da receita do setor de petr\u00f3leo e g\u00e1s.<\/p>\n<p>\u201cN\u00f3s temos plenas condi\u00e7\u00f5es de levar a riqueza do petr\u00f3leo com muita responsabilidade para todas as regi\u00f5es do Brasil. Estamos trabalhando para que o crescimento econ\u00f4mico seja acompanhado de inclus\u00e3o social, compromisso ambiental e gera\u00e7\u00e3o de empregos de qualidade em todas as partes do pa\u00eds\u201d, disse o ministro.<\/p>\n<h2>Protestos<\/h2>\n<p>Lideran\u00e7as ind\u00edgenas do povo Tapayuna, de Mato Grosso, organizaram uma manifesta\u00e7\u00e3o em frente ao Hotel Courtyard, no Rio de Janeiro, onde foi realizado o leil\u00e3o. O jovem\u00a0l\u00edder Yaiku Tapayuna disse que o leil\u00e3o representa um ataque aos povos tradicionais.<\/p>\n<blockquote><p>\u201c\u00c9 um impacto que vai acontecer no nosso territ\u00f3rio. N\u00f3s, povos ind\u00edgenas, somos contra porque \u00e9 um lugar sagrado, n\u00e3o queremos essa explora\u00e7\u00e3o dentro do nosso territ\u00f3rio\u201d, disse Yaiku.<\/p><\/blockquote>\n<p>A Coordena\u00e7\u00e3o Nacional de Articula\u00e7\u00e3o das Comunidades Negras Rurais Quilombolas (Conaq) emitiu nota de rep\u00fadio ao leil\u00e3o, em especial, o do Bloco 59, na costa do Amap\u00e1, pr\u00f3ximo dos territ\u00f3rios quilombolas.<\/p>\n<p>\u201cDenunciamos a aus\u00eancia de di\u00e1logo e a resist\u00eancia das autoridades em escutar os quilombolas, bem como os demais povos que habitam as regi\u00f5es impactadas. Essa neglig\u00eancia institucional configura racismo ambiental e estrutural, ao colocar comunidades negras rurais e seus territ\u00f3rios em risco, privilegiando interesses econ\u00f4micos e grandes corpora\u00e7\u00f5es\u201d, diz trecho da nota da Conaq.<\/p>\n<p>Pescadores e membros do Instituto Arayara fizeram um protesto na ba\u00eda de Guanabara. Eles ergueram uma faixa com os dizeres: \u201cParem o Leil\u00e3o do Ju\u00edzo Final\u201d, por entenderem que a explora\u00e7\u00e3o de petr\u00f3leo amea\u00e7a o clima e as comunidades. O grupo defendeu que, em um ano de COP 30 no Brasil, o governo deveria interromper o que classificam como um grande risco ambiental.<\/p>\n<p>O especialista em conserva\u00e7\u00e3o e l\u00edder de transi\u00e7\u00e3o energ\u00e9tica do WWF-Brasil Ricardo Fujii disse que as autoridades e as petroleiras ignoram alertas cient\u00edficos e riscos socioambientais.<\/p>\n<p>\u201cEstamos falando de uma das regi\u00f5es mais sens\u00edveis do planeta, onde vivem ecossistemas \u00fanicos como o grande sistema recifal amaz\u00f4nico e mais de 80% dos manguezais do pa\u00eds \u2014 ber\u00e7os da pesca, da seguran\u00e7a alimentar e do sustento de milhares de fam\u00edlias. Em vez de liderar a transi\u00e7\u00e3o energ\u00e9tica, a Petrobras escolhe ampliar um portf\u00f3lio de alto impacto e retorno incerto, colocando em risco o futuro clim\u00e1tico do Brasil e do planeta\u201d, disse Fujii.<\/p>\n<p>Fonte: Ag\u00eancia Brasil<\/p>\n","protected":false},"excerpt":{"rendered":"<p>O leil\u00e3o da Ag\u00eancia Nacional do Petr\u00f3leo, G\u00e1s Natural e Biocombust\u00edveis (ANP) nesta ter\u00e7a-feira (17) terminou com 34 blocos de explora\u00e7\u00e3o de petr\u00f3leo arrematados nas&#8230;<\/p>\n","protected":false},"author":1527,"featured_media":59761,"comment_status":"closed","ping_status":"closed","sticky":false,"template":"","format":"standard","meta":{"footnotes":""},"categories":[6],"tags":[],"class_list":["post-59759","post","type-post","status-publish","format-standard","has-post-thumbnail","hentry","category-noticias"],"_links":{"self":[{"href":"https:\/\/www.sincomam.org.br\/index.php\/wp-json\/wp\/v2\/posts\/59759","targetHints":{"allow":["GET"]}}],"collection":[{"href":"https:\/\/www.sincomam.org.br\/index.php\/wp-json\/wp\/v2\/posts"}],"about":[{"href":"https:\/\/www.sincomam.org.br\/index.php\/wp-json\/wp\/v2\/types\/post"}],"author":[{"embeddable":true,"href":"https:\/\/www.sincomam.org.br\/index.php\/wp-json\/wp\/v2\/users\/1527"}],"replies":[{"embeddable":true,"href":"https:\/\/www.sincomam.org.br\/index.php\/wp-json\/wp\/v2\/comments?post=59759"}],"version-history":[{"count":1,"href":"https:\/\/www.sincomam.org.br\/index.php\/wp-json\/wp\/v2\/posts\/59759\/revisions"}],"predecessor-version":[{"id":59762,"href":"https:\/\/www.sincomam.org.br\/index.php\/wp-json\/wp\/v2\/posts\/59759\/revisions\/59762"}],"wp:featuredmedia":[{"embeddable":true,"href":"https:\/\/www.sincomam.org.br\/index.php\/wp-json\/wp\/v2\/media\/59761"}],"wp:attachment":[{"href":"https:\/\/www.sincomam.org.br\/index.php\/wp-json\/wp\/v2\/media?parent=59759"}],"wp:term":[{"taxonomy":"category","embeddable":true,"href":"https:\/\/www.sincomam.org.br\/index.php\/wp-json\/wp\/v2\/categories?post=59759"},{"taxonomy":"post_tag","embeddable":true,"href":"https:\/\/www.sincomam.org.br\/index.php\/wp-json\/wp\/v2\/tags?post=59759"}],"curies":[{"name":"wp","href":"https:\/\/api.w.org\/{rel}","templated":true}]}}