{"id":59755,"date":"2025-06-18T12:06:54","date_gmt":"2025-06-18T15:06:54","guid":{"rendered":"https:\/\/www.sincomam.org.br\/?p=59755"},"modified":"2025-06-18T12:06:54","modified_gmt":"2025-06-18T15:06:54","slug":"marinha-acompanha-avancos-da-nuclep-nas-obras-do-submarino-nuclear","status":"publish","type":"post","link":"https:\/\/www.sincomam.org.br\/index.php\/marinha-acompanha-avancos-da-nuclep-nas-obras-do-submarino-nuclear\/","title":{"rendered":"Marinha acompanha avan\u00e7os da Nuclep nas obras do submarino nuclear"},"content":{"rendered":"<p data-start=\"119\" data-end=\"672\">No cora\u00e7\u00e3o do parque industrial da Nuclep, em Itagua\u00ed (RJ), uma comitiva da\u00a0Marinha do Brasil\u00a0percorreu as instala\u00e7\u00f5es para acompanhar os\u00a0avan\u00e7os na constru\u00e7\u00e3o do primeiro Submarino Convencionalmente Armado com Propuls\u00e3o Nuclear\u00a0do pa\u00eds. Liderada por oficiais da\u00a0Diretoria-Geral de Desenvolvimento Nuclear e Tecnol\u00f3gico da Marinha (DGDNTM), a visita teve foco na avalia\u00e7\u00e3o das adapta\u00e7\u00f5es estruturais necess\u00e1rias para atender \u00e0s exig\u00eancias do\u00a0Programa de Desenvolvimento de Submarinos (PROSUB).<\/p>\n<h3 data-start=\"679\" data-end=\"783\">Aspectos T\u00e9cnicos: Avan\u00e7os na constru\u00e7\u00e3o do Submarino com Propuls\u00e3o Nuclear e adapta\u00e7\u00f5es na Nuclep<\/h3>\n<p data-start=\"785\" data-end=\"1189\">Durante a visita t\u00e9cnica, os representantes da\u00a0Marinha do Brasil, acompanhados pelo presidente da\u00a0Nuclep,\u00a0Alexandre Vianna Santana, realizaram um extenso percurso pelas \u00e1reas produtivas da empresa. O objetivo central foi verificar o\u00a0andamento das obras\u00a0do\u00a0Submarino Convencionalmente Armado com Propuls\u00e3o Nuclear (SCPN)\u00a0e identificar as\u00a0necessidades de adequa\u00e7\u00e3o do layout fabril.<\/p>\n<p data-start=\"1191\" data-end=\"1627\">A\u00a0Nuclep, empresa refer\u00eancia na produ\u00e7\u00e3o de equipamentos nucleares e estruturais de grande porte, desempenha um papel-chave na fabrica\u00e7\u00e3o de se\u00e7\u00f5es cr\u00edticas do submarino, incluindo componentes do\u00a0casco resistente. Durante a inspe\u00e7\u00e3o, foram avaliados aspectos como a\u00a0log\u00edstica interna, os\u00a0fluxos de produ\u00e7\u00e3o, os\u00a0pontos de integra\u00e7\u00e3o estrutural\u00a0e a capacidade de expans\u00e3o para atender aos pr\u00f3ximos est\u00e1gios do projeto.<\/p>\n<p data-start=\"1629\" data-end=\"1992\">A comitiva p\u00f4de observar os progressos alcan\u00e7ados at\u00e9 o momento, incluindo a fabrica\u00e7\u00e3o de grandes estruturas met\u00e1licas e a prepara\u00e7\u00e3o para a montagem das futuras se\u00e7\u00f5es do submarino. A expectativa \u00e9 que a\u00a0infraestrutura da Nuclep\u00a0esteja plenamente alinhada com os requisitos tecnol\u00f3gicos exigidos pela\u00a0Marinha do Brasil\u00a0para a continuidade do\u00a0PROSUB.<\/p>\n<h3 data-start=\"1999\" data-end=\"2079\">Import\u00e2ncia Estrat\u00e9gica: O papel do PROSUB na soberania e defesa do Brasil<\/h3>\n<p data-start=\"2081\" data-end=\"2472\">O\u00a0Submarino com Propuls\u00e3o Nuclear\u00a0representa um salto estrat\u00e9gico na capacidade de\u00a0dissuas\u00e3o e defesa mar\u00edtima\u00a0do\u00a0Brasil. O projeto, que integra o\u00a0Programa de Desenvolvimento de Submarinos (PROSUB), visa garantir ao pa\u00eds uma capacidade in\u00e9dita de\u00a0proje\u00e7\u00e3o de poder naval, com capacidade de perman\u00eancia prolongada em \u00e1guas distantes e maior flexibilidade em miss\u00f5es de defesa.<\/p>\n<p data-start=\"2474\" data-end=\"2850\">A presen\u00e7a de altos oficiais da\u00a0DGDNTM\u00a0na Nuclep refor\u00e7a o car\u00e1ter priorit\u00e1rio do programa dentro da\u00a0Estrat\u00e9gia Nacional de Defesa (END). Com uma \u00e1rea mar\u00edtima sob jurisdi\u00e7\u00e3o brasileira \u2014 a chamada\u00a0Amaz\u00f4nia Azul\u00a0\u2014 que ultrapassa 5,7 milh\u00f5es de km\u00b2, o Brasil precisa de meios que assegurem a prote\u00e7\u00e3o de suas riquezas e a\u00a0soberania sobre seus recursos naturais.<\/p>\n<p data-start=\"2852\" data-end=\"3088\">Al\u00e9m do impacto militar, o\u00a0PROSUB\u00a0tamb\u00e9m projeta o Brasil internacionalmente como um dos poucos pa\u00edses capazes de desenvolver tecnologia para\u00a0propuls\u00e3o nuclear embarcada, colocando a na\u00e7\u00e3o em um seleto grupo de pot\u00eancias navais.<\/p>\n<h3 data-start=\"3095\" data-end=\"3199\">Integra\u00e7\u00e3o Institucional: A coopera\u00e7\u00e3o entre Marinha, Nuclep e outras entidades do setor de defesa<\/h3>\n<p data-start=\"3201\" data-end=\"3500\">A visita contou com a participa\u00e7\u00e3o de representantes da\u00a0Coordenadoria-Geral do Programa de Desenvolvimento de Submarino com Propuls\u00e3o Nuclear (COGESN)\u00a0e do\u00a0Centro de Projetos de Sistemas Navais (CPSN), \u00f3rg\u00e3os respons\u00e1veis pela\u00a0coordena\u00e7\u00e3o t\u00e9cnica\u00a0e\u00a0engenharia de sistemas\u00a0do projeto.<\/p>\n<p data-start=\"3502\" data-end=\"3763\">Essa integra\u00e7\u00e3o entre a\u00a0Marinha, a\u00a0Nuclep\u00a0e institui\u00e7\u00f5es estrat\u00e9gicas refor\u00e7a o modelo de\u00a0governan\u00e7a integrada\u00a0adotado pelo\u00a0PROSUB, que combina\u00a0expertise industrial,\u00a0capacidade de gest\u00e3o p\u00fablica\u00a0e\u00a0conhecimento cient\u00edfico-tecnol\u00f3gico.<\/p>\n<p data-start=\"3765\" data-end=\"4145\">O presidente da Nuclep,\u00a0Alexandre Vianna, destacou a import\u00e2ncia desse alinhamento:<br data-start=\"3852\" data-end=\"3855\" \/><em data-start=\"3855\" data-end=\"4136\">\u201cA Marinha re\u00fane duas das principais \u00e1reas de atua\u00e7\u00e3o da Nuclep: os segmentos de Defesa e Nuclear. Quando falamos de um submarino com propuls\u00e3o nuclear, estamos diante de um projeto estrat\u00e9gico. Receber esse tipo de cliente refor\u00e7a nossa relev\u00e2ncia e protagonismo nesse mercado\u201d,<\/em>\u00a0afirmou.<\/p>\n<p data-start=\"4147\" data-end=\"4490\">A sinergia entre as institui\u00e7\u00f5es envolvidas ser\u00e1 fundamental para garantir o cumprimento dos prazos e a qualidade t\u00e9cnica exigida para um projeto de tamanha envergadura. O\u00a0PROSUB, al\u00e9m de fortalecer a\u00a0Defesa Nacional, tamb\u00e9m gera\u00a0empregos qualificados,\u00a0inova\u00e7\u00e3o tecnol\u00f3gica\u00a0e\u00a0desenvolvimento da ind\u00fastria de base\u00a0no Brasil.<\/p>\n<p data-start=\"4147\" data-end=\"4490\">Fonte: Defesa em Foco<\/p>\n","protected":false},"excerpt":{"rendered":"<p>No cora\u00e7\u00e3o do parque industrial da Nuclep, em Itagua\u00ed (RJ), uma comitiva da\u00a0Marinha do Brasil\u00a0percorreu as instala\u00e7\u00f5es para acompanhar os\u00a0avan\u00e7os na constru\u00e7\u00e3o do primeiro Submarino&#8230;<\/p>\n","protected":false},"author":1527,"featured_media":59757,"comment_status":"closed","ping_status":"closed","sticky":false,"template":"","format":"standard","meta":{"footnotes":""},"categories":[6],"tags":[],"class_list":["post-59755","post","type-post","status-publish","format-standard","has-post-thumbnail","hentry","category-noticias"],"_links":{"self":[{"href":"https:\/\/www.sincomam.org.br\/index.php\/wp-json\/wp\/v2\/posts\/59755","targetHints":{"allow":["GET"]}}],"collection":[{"href":"https:\/\/www.sincomam.org.br\/index.php\/wp-json\/wp\/v2\/posts"}],"about":[{"href":"https:\/\/www.sincomam.org.br\/index.php\/wp-json\/wp\/v2\/types\/post"}],"author":[{"embeddable":true,"href":"https:\/\/www.sincomam.org.br\/index.php\/wp-json\/wp\/v2\/users\/1527"}],"replies":[{"embeddable":true,"href":"https:\/\/www.sincomam.org.br\/index.php\/wp-json\/wp\/v2\/comments?post=59755"}],"version-history":[{"count":1,"href":"https:\/\/www.sincomam.org.br\/index.php\/wp-json\/wp\/v2\/posts\/59755\/revisions"}],"predecessor-version":[{"id":59758,"href":"https:\/\/www.sincomam.org.br\/index.php\/wp-json\/wp\/v2\/posts\/59755\/revisions\/59758"}],"wp:featuredmedia":[{"embeddable":true,"href":"https:\/\/www.sincomam.org.br\/index.php\/wp-json\/wp\/v2\/media\/59757"}],"wp:attachment":[{"href":"https:\/\/www.sincomam.org.br\/index.php\/wp-json\/wp\/v2\/media?parent=59755"}],"wp:term":[{"taxonomy":"category","embeddable":true,"href":"https:\/\/www.sincomam.org.br\/index.php\/wp-json\/wp\/v2\/categories?post=59755"},{"taxonomy":"post_tag","embeddable":true,"href":"https:\/\/www.sincomam.org.br\/index.php\/wp-json\/wp\/v2\/tags?post=59755"}],"curies":[{"name":"wp","href":"https:\/\/api.w.org\/{rel}","templated":true}]}}