{"id":59751,"date":"2025-06-18T11:59:58","date_gmt":"2025-06-18T14:59:58","guid":{"rendered":"https:\/\/www.sincomam.org.br\/?p=59751"},"modified":"2025-06-18T11:59:58","modified_gmt":"2025-06-18T14:59:58","slug":"portos-costas-brasil-2025-discute-entraves-e-solucoes-para-os-portos-brasileiros","status":"publish","type":"post","link":"https:\/\/www.sincomam.org.br\/index.php\/portos-costas-brasil-2025-discute-entraves-e-solucoes-para-os-portos-brasileiros\/","title":{"rendered":"Portos &#038; Costas Brasil 2025 discute entraves e solu\u00e7\u00f5es para os portos brasileiros"},"content":{"rendered":"<p>Os portos brasileiros s\u00e3o pe\u00e7as-chave no desenvolvimento econ\u00f4mico do pa\u00eds e na integra\u00e7\u00e3o com o com\u00e9rcio internacional. No entanto, apesar da sua import\u00e2ncia estrat\u00e9gica, o setor enfrenta uma s\u00e9rie de entraves que limitam a efici\u00eancia log\u00edstica, comprometem o escoamento da produ\u00e7\u00e3o e elevam os custos operacionais. Quest\u00f5es como infraestrutura deficiente, baixa integra\u00e7\u00e3o multimodal e entraves regulat\u00f3rios formam um panorama desafiador que exige aten\u00e7\u00e3o urgente de gestores p\u00fablicos, operadores log\u00edsticos e autoridades portu\u00e1rias.<\/p>\n<p>Com o objetivo de debater esses desafios e apontar caminhos para o fortalecimento do setor, a 3\u00aa edi\u00e7\u00e3o do Portos &amp; Costas Brasil ser\u00e1 realizada nos dias 22 e 23 de setembro, no Riviera Convention Center, na Praia Brava, em Itaja\u00ed (SC). O munic\u00edpio \u00e9 sede do segundo maior complexo portu\u00e1rio do pa\u00eds em movimenta\u00e7\u00e3o de cont\u00eaineres e um dos principais hubs log\u00edsticos do Mercosul, tornando-se um palco estrat\u00e9gico para o evento.<\/p>\n<p>Promovido pela MTCN Projetos e Consultoria, o congresso \u00e9 considerado um dos mais relevantes encontros t\u00e9cnicos do setor portu\u00e1rio no Brasil. A edi\u00e7\u00e3o de 2025 reunir\u00e1 especialistas, autoridades p\u00fablicas, acad\u00eamicos e representantes de grandes empresas para um amplo interc\u00e2mbio de conhecimento sobre infraestrutura, regula\u00e7\u00e3o, inova\u00e7\u00e3o tecnol\u00f3gica, sustentabilidade e moderniza\u00e7\u00e3o da gest\u00e3o portu\u00e1ria.<br \/>\n\u201cEsses debates s\u00e3o fundamentais para aprimorar as infraestruturas portu\u00e1ria, costeira e aquavi\u00e1ria. Reunir importantes players nacionais e internacionais em torno de temas estruturantes ajuda a construir solu\u00e7\u00f5es pr\u00e1ticas e integradas para os desafios do setor\u201d, destaca Mauricio Torronteguy, s\u00f3cio-diretor da MTCN e idealizador do congresso.<\/p>\n<p>Ele tamb\u00e9m ressalta que o evento se consolida como uma plataforma de di\u00e1logo entre iniciativa privada, academia e poder p\u00fablico, fortalecendo o compromisso com o desenvolvimento sustent\u00e1vel e eficiente da matriz log\u00edstica brasileira.<\/p>\n<p><strong>Nomes de peso mostram a import\u00e2ncia do Portos &amp; Costas Brasil<\/strong><\/p>\n<p>Entre os painelistas e debatedores j\u00e1 confirmados est\u00e3o nomes de refer\u00eancia no setor, a exemplo de Larissa Carolina Amorim dos Santos, do Minist\u00e9rio de Portos e Aeroportos; Julio Cesar de Sousa Dias, especialista em regula\u00e7\u00e3o da Antaq e assessor da Secretaria Nacional de Portos; Ant\u00f4nio Henrique da Fontoura Klein, ocean\u00f3logo e professor da UFSC; os especialistas da Autoridade Portu\u00e1ria de Santos Matheus Trocoli Novaes e Mauricio Bernardo Gaspar Filho, e a diretora executiva da Abeph e Pianc Brasil Gilmara Pereira Tem\u00f3teo.<\/p>\n<p>O congresso contar\u00e1 ainda com a presen\u00e7a de t\u00e9cnicos e executivos de companhias nacionais e multinacionais que atuam diretamente nas \u00e1reas de engenharia, dragagem, tecnologia, gest\u00e3o ambiental e inova\u00e7\u00e3o log\u00edstica.<\/p>\n<p>A edi\u00e7\u00e3o deste ano conta com o patroc\u00ednio da TiL Group, um dos maiores operadores portu\u00e1rios globais, presente nos cinco continentes. Tamb\u00e9m patrocinam o evento empresas de refer\u00eancia como SBV Engenharia, HidroMares, Jan de Nul, Van Oord, Royal IHC e Graf Consulting. Novas parcerias est\u00e3o em negocia\u00e7\u00e3o e devem ser anunciadas nas pr\u00f3ximas semanas.<\/p>\n<p>Entre os apoiadores institucionais est\u00e3o o Minist\u00e9rio de Portos e Aeroportos, a Ag\u00eancia Nacional de Transportes Aquavi\u00e1rios (Antaq), a Associa\u00e7\u00e3o dos Terminais Portu\u00e1rios Privados (ATP), a Abeph, a Abtra, a Acatmar, o Pianc, o CREA-SC, a Aoceano, entre outras entidades ligadas ao setor mar\u00edtimo e log\u00edstico.<\/p>\n<p><strong>Inscri\u00e7\u00f5es abertas<\/strong><\/p>\n<p>As inscri\u00e7\u00f5es para o Portos &amp; Costas Brasil 2025 est\u00e3o abertas e s\u00e3o limitadas a 280 participantes. At\u00e9 o dia 15 de julho, os interessados podem garantir vaga com pre\u00e7os promocionais, por meio do site oficial: www.portosecostas.com.br\/inscricoes.<\/p>\n<p>Mais informa\u00e7\u00f5es sobre a programa\u00e7\u00e3o completa, pain\u00e9is tem\u00e1ticos e expositores est\u00e3o dispon\u00edveis no portal do congresso: www.portosecostas.com.br.<\/p>\n<p>Fonte: Informativo dos Portos<\/p>\n","protected":false},"excerpt":{"rendered":"<p>Os portos brasileiros s\u00e3o pe\u00e7as-chave no desenvolvimento econ\u00f4mico do pa\u00eds e na integra\u00e7\u00e3o com o com\u00e9rcio internacional. No entanto, apesar da sua import\u00e2ncia estrat\u00e9gica, o&#8230;<\/p>\n","protected":false},"author":1527,"featured_media":59753,"comment_status":"closed","ping_status":"closed","sticky":false,"template":"","format":"standard","meta":{"footnotes":""},"categories":[6],"tags":[],"class_list":["post-59751","post","type-post","status-publish","format-standard","has-post-thumbnail","hentry","category-noticias"],"_links":{"self":[{"href":"https:\/\/www.sincomam.org.br\/index.php\/wp-json\/wp\/v2\/posts\/59751","targetHints":{"allow":["GET"]}}],"collection":[{"href":"https:\/\/www.sincomam.org.br\/index.php\/wp-json\/wp\/v2\/posts"}],"about":[{"href":"https:\/\/www.sincomam.org.br\/index.php\/wp-json\/wp\/v2\/types\/post"}],"author":[{"embeddable":true,"href":"https:\/\/www.sincomam.org.br\/index.php\/wp-json\/wp\/v2\/users\/1527"}],"replies":[{"embeddable":true,"href":"https:\/\/www.sincomam.org.br\/index.php\/wp-json\/wp\/v2\/comments?post=59751"}],"version-history":[{"count":1,"href":"https:\/\/www.sincomam.org.br\/index.php\/wp-json\/wp\/v2\/posts\/59751\/revisions"}],"predecessor-version":[{"id":59754,"href":"https:\/\/www.sincomam.org.br\/index.php\/wp-json\/wp\/v2\/posts\/59751\/revisions\/59754"}],"wp:featuredmedia":[{"embeddable":true,"href":"https:\/\/www.sincomam.org.br\/index.php\/wp-json\/wp\/v2\/media\/59753"}],"wp:attachment":[{"href":"https:\/\/www.sincomam.org.br\/index.php\/wp-json\/wp\/v2\/media?parent=59751"}],"wp:term":[{"taxonomy":"category","embeddable":true,"href":"https:\/\/www.sincomam.org.br\/index.php\/wp-json\/wp\/v2\/categories?post=59751"},{"taxonomy":"post_tag","embeddable":true,"href":"https:\/\/www.sincomam.org.br\/index.php\/wp-json\/wp\/v2\/tags?post=59751"}],"curies":[{"name":"wp","href":"https:\/\/api.w.org\/{rel}","templated":true}]}}