{"id":59703,"date":"2025-06-16T13:44:47","date_gmt":"2025-06-16T16:44:47","guid":{"rendered":"https:\/\/www.sincomam.org.br\/?p=59703"},"modified":"2025-06-16T13:44:47","modified_gmt":"2025-06-16T16:44:47","slug":"apesar-de-problemas-pontuais-sc-tem-a-segunda-melhor-logistica-do-brasil","status":"publish","type":"post","link":"https:\/\/www.sincomam.org.br\/index.php\/apesar-de-problemas-pontuais-sc-tem-a-segunda-melhor-logistica-do-brasil\/","title":{"rendered":"Apesar de problemas pontuais, SC tem a segunda melhor log\u00edstica do Brasil"},"content":{"rendered":"<p>Apesar de apresentar defici\u00eancias pontuais, Santa Catarina ocupa a segunda coloca\u00e7\u00e3o no ranking de competitividade log\u00edstica dos estados brasileiros, atr\u00e1s apenas de S\u00e3o Paulo. O dado \u00e9 do Centro de Lideran\u00e7a P\u00fablica (CLP), e reflete o desempenho log\u00edstico do estado mesmo diante de desafios significativos \u2014 especialmente na malha rodovi\u00e1ria.<\/p>\n<p>\u201cEmbora Santa Catarina possua restri\u00e7\u00f5es em todos os modais, considerando que o modal rodovi\u00e1rio \u00e9 respons\u00e1vel por aproximadamente 70% da nossa matriz de transporte, a situa\u00e7\u00e3o prec\u00e1ria das rodovias, tanto federais quanto estaduais, \u00e9 hoje o maior entrave. Ainda assim, temos a segunda melhor log\u00edstica do pa\u00eds\u201d, destaca Eg\u00eddio Martorano, presidente da C\u00e2mara para Assuntos de Transporte e Log\u00edstica da Federa\u00e7\u00e3o das Ind\u00fastrias do Estado de Santa Catarina (Fiesc).<\/p>\n<p>Segundo Martorano, \u00e9 urgente investir na conclus\u00e3o de obras em andamento, bem como na restaura\u00e7\u00e3o e manuten\u00e7\u00e3o preventiva de grande parte da malha existente. \u201cA preserva\u00e7\u00e3o do patrim\u00f4nio rodovi\u00e1rio exige a\u00e7\u00f5es de curto, m\u00e9dio e longo prazo.\u201d<\/p>\n<p>Outro ponto cr\u00edtico \u00e9 o acesso terrestre aos portos, que ainda enfrenta gargalos importantes. \u201cTamb\u00e9m precisamos ampliar e diversificar a matriz de transporte, com investimentos consistentes na malha ferrovi\u00e1ria. E \u00e9 estrat\u00e9gico adequar nossos portos para receber navios de maior porte, que exigem calado mais profundo. A dragagem na Ba\u00eda da Babitonga (em Itapo\u00e1 e S\u00e3o Francisco do Sul), viabilizada por meio de uma Parceria P\u00fablico-Privada (PPP) do Governo do Estado, \u00e9 um bom exemplo.\u201d<\/p>\n<p>Martorano cita ainda outros desafios, como a amplia\u00e7\u00e3o do canal de acesso e da bacia de evolu\u00e7\u00e3o do rio Itaja\u00ed-A\u00e7u, que atende os portos de Itaja\u00ed e Navegantes, al\u00e9m de ajustes necess\u00e1rios no molhe do porto de Imbituba.<\/p>\n<p>No modal a\u00e9reo, ele defende a implementa\u00e7\u00e3o de uma pol\u00edtica estadual de transporte de passageiros e cargas, especialmente para a avia\u00e7\u00e3o regional. \u201cO Plano Aerovi\u00e1rio Estadual, recentemente atualizado pelo Governo Jorginho Mello, pode ser uma refer\u00eancia t\u00e9cnica importante para o setor\u201d, pontua.<\/p>\n<p>Para o especialista, o principal gargalo log\u00edstico do estado \u00e9 a falta de investimentos sustent\u00e1veis e de um planejamento integrado e de longo prazo. \u201cO Governo do Estado j\u00e1 iniciou esse processo com a contrata\u00e7\u00e3o do Plano Estadual de Transporte e Log\u00edstica (PELT), uma iniciativa essencial para consolidar uma vis\u00e3o estrat\u00e9gica.\u201d<\/p>\n<p><strong>Espa\u00e7o de discuss\u00f5es e fomento<\/strong><\/p>\n<p>Nesse cen\u00e1rio, a feira Logistique 2025, que ser\u00e1 realizado em agosto no Expocentro BC, em Balne\u00e1rio Cambori\u00fa, surge como espa\u00e7o relevante de debate e articula\u00e7\u00e3o. \u201cA Logistique \u00e9 um f\u00f3rum importante para discutir os gargalos da infraestrutura log\u00edstica catarinense e fomentar investimentos que agreguem competitividade \u00e0 ind\u00fastria e fortale\u00e7am a imagem do estado nos cen\u00e1rios nacional e internacional\u201d, afirma o diretor-geral do evento.<\/p>\n<p>Al\u00e9m da feira, o evento \u2014 considerado um dos mais expressivos do setor no Brasil \u2014 conta com o Logistique Summit , um congresso t\u00e9cnico que promove discuss\u00f5es qualificadas sobre o futuro da log\u00edstica em Santa Catarina. \u201cGrandes nomes da economia, log\u00edstica, com\u00e9rcio exterior e navega\u00e7\u00e3o far\u00e3o parte dos pain\u00e9is e debates do Summit\u201d, informa a diretora executiva do evento, Karine Marmitt.<\/p>\n<p>Eg\u00eddio Martorano, da Fiesc, destaca ainda o papel estrat\u00e9gico da Logistique como ponto de encontro entre profissionais do setor p\u00fablico e privado. \u201cEventos como este s\u00e3o fundamentais para debater desafios, compartilhar solu\u00e7\u00f5es e se atualizar quanto \u00e0s tend\u00eancias, inova\u00e7\u00f5es tecnol\u00f3gicas e novidades do setor. A Logistique se consolida como refer\u00eancia, refor\u00e7ando a voca\u00e7\u00e3o de Santa Catarina como um hub log\u00edstico essencial para o Sul do Brasil e para o pa\u00eds como um todo.\u201d<\/p>\n<div>Fonte: Informativo dos Portos<\/div>\n","protected":false},"excerpt":{"rendered":"<p>Apesar de apresentar defici\u00eancias pontuais, Santa Catarina ocupa a segunda coloca\u00e7\u00e3o no ranking de competitividade log\u00edstica dos estados brasileiros, atr\u00e1s apenas de S\u00e3o Paulo. O&#8230;<\/p>\n","protected":false},"author":1527,"featured_media":59705,"comment_status":"closed","ping_status":"closed","sticky":false,"template":"","format":"standard","meta":{"footnotes":""},"categories":[6],"tags":[],"class_list":["post-59703","post","type-post","status-publish","format-standard","has-post-thumbnail","hentry","category-noticias"],"_links":{"self":[{"href":"https:\/\/www.sincomam.org.br\/index.php\/wp-json\/wp\/v2\/posts\/59703","targetHints":{"allow":["GET"]}}],"collection":[{"href":"https:\/\/www.sincomam.org.br\/index.php\/wp-json\/wp\/v2\/posts"}],"about":[{"href":"https:\/\/www.sincomam.org.br\/index.php\/wp-json\/wp\/v2\/types\/post"}],"author":[{"embeddable":true,"href":"https:\/\/www.sincomam.org.br\/index.php\/wp-json\/wp\/v2\/users\/1527"}],"replies":[{"embeddable":true,"href":"https:\/\/www.sincomam.org.br\/index.php\/wp-json\/wp\/v2\/comments?post=59703"}],"version-history":[{"count":1,"href":"https:\/\/www.sincomam.org.br\/index.php\/wp-json\/wp\/v2\/posts\/59703\/revisions"}],"predecessor-version":[{"id":59706,"href":"https:\/\/www.sincomam.org.br\/index.php\/wp-json\/wp\/v2\/posts\/59703\/revisions\/59706"}],"wp:featuredmedia":[{"embeddable":true,"href":"https:\/\/www.sincomam.org.br\/index.php\/wp-json\/wp\/v2\/media\/59705"}],"wp:attachment":[{"href":"https:\/\/www.sincomam.org.br\/index.php\/wp-json\/wp\/v2\/media?parent=59703"}],"wp:term":[{"taxonomy":"category","embeddable":true,"href":"https:\/\/www.sincomam.org.br\/index.php\/wp-json\/wp\/v2\/categories?post=59703"},{"taxonomy":"post_tag","embeddable":true,"href":"https:\/\/www.sincomam.org.br\/index.php\/wp-json\/wp\/v2\/tags?post=59703"}],"curies":[{"name":"wp","href":"https:\/\/api.w.org\/{rel}","templated":true}]}}