{"id":59689,"date":"2025-06-16T06:00:01","date_gmt":"2025-06-16T09:00:01","guid":{"rendered":"https:\/\/www.sincomam.org.br\/?p=59689"},"modified":"2025-06-14T17:43:44","modified_gmt":"2025-06-14T20:43:44","slug":"conflito-no-oriente-medio-ameaca-rotas-comerciais-e-pressiona-fretes-aponta-xeneta","status":"publish","type":"post","link":"https:\/\/www.sincomam.org.br\/index.php\/conflito-no-oriente-medio-ameaca-rotas-comerciais-e-pressiona-fretes-aponta-xeneta\/","title":{"rendered":"Conflito no Oriente M\u00e9dio amea\u00e7a rotas comerciais e pressiona fretes, aponta Xeneta"},"content":{"rendered":"<p>A escalada das tens\u00f5es geopol\u00edticas entre Israel e Ir\u00e3 volta a amea\u00e7ar a seguran\u00e7a das cadeias globais de suprimentos, com o risco de um fechamento do Estreito de Ormuz, ponto estrat\u00e9gico para navios porta-cont\u00eaineres que operam em portos como Jebel Ali e em toda a regi\u00e3o do Golfo P\u00e9rsico. De acordo com a an\u00e1lise da Xeneta, um bloqueio nessa rota vital resultaria no redirecionamento dos servi\u00e7os mar\u00edtimos, aumentando a depend\u00eancia dos portos da Costa Oeste da \u00cdndia para conectar o Extremo Oriente ao subcontinente indiano. Isso acarretaria interrup\u00e7\u00f5es log\u00edsticas, congestionamento portu\u00e1rio e alta nos pre\u00e7os do petr\u00f3leo, levando tamb\u00e9m a um aumento das tarifas de transporte de cont\u00eaineres, com a prov\u00e1vel imposi\u00e7\u00e3o de sobretaxas de seguran\u00e7a pelas transportadoras nos pr\u00f3ximos dias.<\/p>\n<p>A Xeneta avalia que a intensifica\u00e7\u00e3o do conflito tamb\u00e9m reduz as expectativas de um retorno seguro e em larga escala dos porta-cont\u00eaineres ao Mar Vermelho, regi\u00e3o ainda impactada pelos ataques da mil\u00edcia\u00a0<em>Houthi<\/em>, apoiada pelo Ir\u00e3, contra embarca\u00e7\u00f5es desde o final de 2023. A instabilidade prolongada nessa rota crucial tem provocado uma alta acentuada nas taxas de frete. Desde 1\u00ba de dezembro, as tarifas spot do Extremo Oriente para o Norte da Europa aumentaram 62%, enquanto os fretes para a Costa Leste dos EUA, tradicionalmente dependentes do Canal de Suez, dispararam 165%. A continuidade desses conflitos agrava a crise log\u00edstica global e imp\u00f5e novos desafios ao com\u00e9rcio internacional.<\/p>\n<p>Fonte: Portos e Navios<\/p>\n","protected":false},"excerpt":{"rendered":"<p>A escalada das tens\u00f5es geopol\u00edticas entre Israel e Ir\u00e3 volta a amea\u00e7ar a seguran\u00e7a das cadeias globais de suprimentos, com o risco de um fechamento&#8230;<\/p>\n","protected":false},"author":1527,"featured_media":59691,"comment_status":"closed","ping_status":"closed","sticky":false,"template":"","format":"standard","meta":{"footnotes":""},"categories":[6],"tags":[],"class_list":["post-59689","post","type-post","status-publish","format-standard","has-post-thumbnail","hentry","category-noticias"],"_links":{"self":[{"href":"https:\/\/www.sincomam.org.br\/index.php\/wp-json\/wp\/v2\/posts\/59689","targetHints":{"allow":["GET"]}}],"collection":[{"href":"https:\/\/www.sincomam.org.br\/index.php\/wp-json\/wp\/v2\/posts"}],"about":[{"href":"https:\/\/www.sincomam.org.br\/index.php\/wp-json\/wp\/v2\/types\/post"}],"author":[{"embeddable":true,"href":"https:\/\/www.sincomam.org.br\/index.php\/wp-json\/wp\/v2\/users\/1527"}],"replies":[{"embeddable":true,"href":"https:\/\/www.sincomam.org.br\/index.php\/wp-json\/wp\/v2\/comments?post=59689"}],"version-history":[{"count":1,"href":"https:\/\/www.sincomam.org.br\/index.php\/wp-json\/wp\/v2\/posts\/59689\/revisions"}],"predecessor-version":[{"id":59692,"href":"https:\/\/www.sincomam.org.br\/index.php\/wp-json\/wp\/v2\/posts\/59689\/revisions\/59692"}],"wp:featuredmedia":[{"embeddable":true,"href":"https:\/\/www.sincomam.org.br\/index.php\/wp-json\/wp\/v2\/media\/59691"}],"wp:attachment":[{"href":"https:\/\/www.sincomam.org.br\/index.php\/wp-json\/wp\/v2\/media?parent=59689"}],"wp:term":[{"taxonomy":"category","embeddable":true,"href":"https:\/\/www.sincomam.org.br\/index.php\/wp-json\/wp\/v2\/categories?post=59689"},{"taxonomy":"post_tag","embeddable":true,"href":"https:\/\/www.sincomam.org.br\/index.php\/wp-json\/wp\/v2\/tags?post=59689"}],"curies":[{"name":"wp","href":"https:\/\/api.w.org\/{rel}","templated":true}]}}