{"id":59651,"date":"2025-06-13T13:35:03","date_gmt":"2025-06-13T16:35:03","guid":{"rendered":"https:\/\/www.sincomam.org.br\/?p=59651"},"modified":"2025-06-13T13:35:03","modified_gmt":"2025-06-13T16:35:03","slug":"aps-e-marinha-firmam-acordo-para-implantar-sistema-de-trafego-monitorado-na-ilha-da-moela-em-guaruja-sp","status":"publish","type":"post","link":"https:\/\/www.sincomam.org.br\/index.php\/aps-e-marinha-firmam-acordo-para-implantar-sistema-de-trafego-monitorado-na-ilha-da-moela-em-guaruja-sp\/","title":{"rendered":"APS e Marinha firmam acordo para implantar sistema de tr\u00e1fego monitorado na Ilha da Moela, em Guaruj\u00e1, SP"},"content":{"rendered":"<p>A Autoridade Portu\u00e1ria de Santos (APS) e a Marinha do Brasil formalizaram um Acordo de Coopera\u00e7\u00e3o T\u00e9cnica para a implementa\u00e7\u00e3o do\u00a0Sistema de Gerenciamento de Tr\u00e1fego de Embarca\u00e7\u00f5es (VTMIS)\u00a0na Ilha da Moela, em\u00a0Guaruj\u00e1, no litoral de S\u00e3o Paulo. O objetivo do sistema \u00e9 promover\u00a0seguran\u00e7a e efici\u00eancia da navega\u00e7\u00e3o e das opera\u00e7\u00f5es portu\u00e1rias.<\/p>\n<div id=\"chunk-9a8gh\">\n<div class=\"mc-column content-text active-extra-styles \" data-block-type=\"unstyled\" data-block-weight=\"46\" data-block-id=\"6\">\n<p class=\" content-text__container \" data-track-category=\"Link no Texto\" data-track-links=\"\" data-mrf-recirculation=\"Mat\u00e9ria - Links no Texto\">O documento, publicado na ter\u00e7a-feira (03), autoriza a APS a instalar equipamentos de \u00faltima gera\u00e7\u00e3o na \u00e1rea administrada pela Marinha, como radar mar\u00edtimo, esta\u00e7\u00e3o meteorol\u00f3gica, c\u00e2meras eletro-\u00f3pticas e antenas. Esta ser\u00e1 uma das\u00a0quatro esta\u00e7\u00f5es do VTMIS,\u00a0que ir\u00e3o monitorar toda a \u00e1rea do Porto Organizado.<\/p>\n<\/div>\n<\/div>\n<div id=\"chunk-e1sph\">\n<div class=\"tag-manager-publicidade-container tag-manager-publicidade-banner_materia2 tag-manager-publicidade-container--carregado tag-manager-publicidade-container--visivel\" data-google-query-id=\"COD3pKfp7o0DFcRRuAQdt3kaIg\">\n<div id=\"chunk-e3vu5\">\n<div class=\"mc-column content-text active-extra-styles \" data-block-type=\"unstyled\" data-block-weight=\"35\" data-block-id=\"8\">\n<p class=\" content-text__container \" data-track-category=\"Link no Texto\" data-track-links=\"\" data-mrf-recirculation=\"Mat\u00e9ria - Links no Texto\">As demais unidades estar\u00e3o localizadas no topo da Serra do Mar, no Morro do Tejereba, tamb\u00e9m em Guaruj\u00e1, e na Ilha Barnab\u00e9, em Santos, garantindo uma cobertura integral do canal e das \u00e1reas de fundeio.<\/p>\n<\/div>\n<\/div>\n<div id=\"chunk-7rt8b\">\n<div class=\"mc-column content-text active-extra-styles\" data-block-type=\"raw\" data-block-weight=\"2\" data-block-id=\"9\">\n<div class=\"content-intertitle\">\n<h2>Integra\u00e7\u00e3o operacional<\/h2>\n<\/div>\n<p>O evento de assinatura\u00a0foi realizado na Ponte de Inspe\u00e7\u00e3o Naval (PIN) da Autoridade Portu\u00e1ria, com a presen\u00e7a do presidente Anderson Pomini e diretores da Companhia, al\u00e9m do Vice-Almirante Marco Antonio Ismael Trov\u00e3o, Comandante do 8\u00ba Distrito Naval, e do Capit\u00e3o dos Portos Marcus Andr\u00e9 de Souza e Silva.<\/p>\n<\/div>\n<\/div>\n<div id=\"chunk-en1co\">\n<div class=\"mc-column content-text active-extra-styles \" data-block-type=\"unstyled\" data-block-weight=\"60\" data-block-id=\"11\">\n<p class=\" content-text__container \" data-track-category=\"Link no Texto\" data-track-links=\"\" data-mrf-recirculation=\"Mat\u00e9ria - Links no Texto\">\u201cO VTMIS n\u00e3o apenas eleva a seguran\u00e7a, mas cria uma nova era de integra\u00e7\u00e3o entre os \u00f3rg\u00e3os fiscalizadores. Iremos operar uma sala de situa\u00e7\u00e3o na sede da APS, reunindo praticagem, Receita Federal, Pol\u00edcia Federal, Capitania dos Portos e outros atores, com dados compartilhados em tempo real\u201d, explicou o presidente da APS, Anderson Pomini, por meio de nota divulgada pela autoridade.<\/p>\n<\/div>\n<\/div>\n<div id=\"chunk-4jb19\">\n<div class=\"mc-column content-text active-extra-styles \" data-block-type=\"unstyled\" data-block-weight=\"42\" data-block-id=\"12\">\n<p class=\" content-text__container \" data-track-category=\"Link no Texto\" data-track-links=\"\" data-mrf-recirculation=\"Mat\u00e9ria - Links no Texto\">Segundo Pomini, a implementa\u00e7\u00e3o significa\u00a0maior efici\u00eancia\u00a0nas opera\u00e7\u00f5es portu\u00e1rias e no\u00a0combate a il\u00edcitos, garantindo mais seguran\u00e7a integrada ao desenvolvimento nacional. Al\u00e9m disso, a ado\u00e7\u00e3o ao sistema coloca Santos entre os complexos portu\u00e1rios mais avan\u00e7ados do mundo em termos de tecnologia.<\/p>\n<\/div>\n<\/div>\n<div id=\"chunk-d5no8\">\n<div class=\"mc-column content-text active-extra-styles \" data-block-type=\"unstyled\" data-block-weight=\"49\" data-block-id=\"13\">\n<p class=\" content-text__container \" data-track-category=\"Link no Texto\" data-track-links=\"\" data-mrf-recirculation=\"Mat\u00e9ria - Links no Texto\">&#8220;Esta tecnologia ampliar\u00e1 radicalmente nossa consci\u00eancia situacional mar\u00edtima, permitindo uma vis\u00e3o global compartilhada do Porto de Santos. O VTMIS \u00e9 vital para a seguran\u00e7a do tr\u00e1fego aquavi\u00e1rio e a prote\u00e7\u00e3o contra amea\u00e7as como o tr\u00e1fico de drogas&#8221;, declarou o vice-almirante Marco Trov\u00e3o, segundo a nota divulgada pela APS.<\/p>\n<\/div>\n<\/div>\n<div id=\"chunk-cgpev\">\n<div class=\"content-ads content-ads--reveal\" data-block-type=\"ads\" data-block-id=\"14\">O edital para a instala\u00e7\u00e3o do sistema ser\u00e1 lan\u00e7ado ainda neste ano, marcando o in\u00edcio das obras de instala\u00e7\u00e3o, aguardadas h\u00e1 uma d\u00e9cada pela comunidade portu\u00e1ria.<\/div>\n<\/div>\n<div id=\"chunk-1el6f\">\n<div class=\"mc-column content-text active-extra-styles\" data-block-type=\"raw\" data-block-weight=\"7\" data-block-id=\"16\">\n<p class=\"content-text__container\" data-mrf-recirculation=\"Mat\u00e9ria - Links no Texto\"><strong>Sistema de Gerenciamento de Tr\u00e1fego de Embarca\u00e7\u00f5es<\/strong><\/p>\n<p>O Sistema de Gerenciamento e Informa\u00e7\u00f5es do Tr\u00e1fego de Embarca\u00e7\u00f5es (VTMIS) \u00e9 uma ferramenta de<strong>\u00a0aux\u00edlio eletr\u00f4nico \u00e0 navega\u00e7\u00e3o<\/strong>. A plataforma monitora em tempo real o movimento de navios em \u00e1guas portu\u00e1rias, combinando radares mar\u00edtimos, c\u00e2meras eletro-\u00f3pticas de alta defini\u00e7\u00e3o, esta\u00e7\u00f5es meteorol\u00f3gicas e sistemas de comunica\u00e7\u00e3o.<\/p>\n<\/div>\n<\/div>\n<div id=\"chunk-2cl2d\">\n<div class=\"mc-column content-text active-extra-styles \" data-block-type=\"unstyled\" data-block-weight=\"36\" data-block-id=\"18\">\n<p class=\" content-text__container \" data-track-category=\"Link no Texto\" data-track-links=\"\" data-mrf-recirculation=\"Mat\u00e9ria - Links no Texto\">No Porto de Santos, o sistema atuar\u00e1 como um centro de intelig\u00eancia de dados, fornecendo \u00e0s autoridades portu\u00e1rias e \u00e0 Marinha informa\u00e7\u00f5es integradas sobre posicionamento de\u00a0<strong>embarca\u00e7\u00f5es, condi\u00e7\u00f5es clim\u00e1ticas, rotas de navega\u00e7\u00e3o e potenciais riscos.<\/strong><\/p>\n<\/div>\n<\/div>\n<div id=\"chunk-6bh0o\">\n<div class=\"mc-column content-text active-extra-styles \" data-block-type=\"unstyled\" data-block-weight=\"27\" data-block-id=\"19\">\n<p class=\" content-text__container \" data-track-category=\"Link no Texto\" data-track-links=\"\" data-mrf-recirculation=\"Mat\u00e9ria - Links no Texto\">Segundo a APS, todas as esta\u00e7\u00f5es do VTMIS funcionar\u00e3o com energia solar fotovoltaica, alinhando-se ao compromisso com o desenvolvimento sustent\u00e1vel, buscando reduzir os impactos ambientais das opera\u00e7\u00f5es.<\/p>\n<p data-track-category=\"Link no Texto\" data-track-links=\"\" data-mrf-recirculation=\"Mat\u00e9ria - Links no Texto\">Fonte: G1<\/p>\n<\/div>\n<\/div>\n<\/div>\n<\/div>\n","protected":false},"excerpt":{"rendered":"<p>A Autoridade Portu\u00e1ria de Santos (APS) e a Marinha do Brasil formalizaram um Acordo de Coopera\u00e7\u00e3o T\u00e9cnica para a implementa\u00e7\u00e3o do\u00a0Sistema de Gerenciamento de Tr\u00e1fego&#8230;<\/p>\n","protected":false},"author":1527,"featured_media":59653,"comment_status":"closed","ping_status":"closed","sticky":false,"template":"","format":"standard","meta":{"footnotes":""},"categories":[6],"tags":[],"class_list":["post-59651","post","type-post","status-publish","format-standard","has-post-thumbnail","hentry","category-noticias"],"_links":{"self":[{"href":"https:\/\/www.sincomam.org.br\/index.php\/wp-json\/wp\/v2\/posts\/59651","targetHints":{"allow":["GET"]}}],"collection":[{"href":"https:\/\/www.sincomam.org.br\/index.php\/wp-json\/wp\/v2\/posts"}],"about":[{"href":"https:\/\/www.sincomam.org.br\/index.php\/wp-json\/wp\/v2\/types\/post"}],"author":[{"embeddable":true,"href":"https:\/\/www.sincomam.org.br\/index.php\/wp-json\/wp\/v2\/users\/1527"}],"replies":[{"embeddable":true,"href":"https:\/\/www.sincomam.org.br\/index.php\/wp-json\/wp\/v2\/comments?post=59651"}],"version-history":[{"count":1,"href":"https:\/\/www.sincomam.org.br\/index.php\/wp-json\/wp\/v2\/posts\/59651\/revisions"}],"predecessor-version":[{"id":59654,"href":"https:\/\/www.sincomam.org.br\/index.php\/wp-json\/wp\/v2\/posts\/59651\/revisions\/59654"}],"wp:featuredmedia":[{"embeddable":true,"href":"https:\/\/www.sincomam.org.br\/index.php\/wp-json\/wp\/v2\/media\/59653"}],"wp:attachment":[{"href":"https:\/\/www.sincomam.org.br\/index.php\/wp-json\/wp\/v2\/media?parent=59651"}],"wp:term":[{"taxonomy":"category","embeddable":true,"href":"https:\/\/www.sincomam.org.br\/index.php\/wp-json\/wp\/v2\/categories?post=59651"},{"taxonomy":"post_tag","embeddable":true,"href":"https:\/\/www.sincomam.org.br\/index.php\/wp-json\/wp\/v2\/tags?post=59651"}],"curies":[{"name":"wp","href":"https:\/\/api.w.org\/{rel}","templated":true}]}}