{"id":59643,"date":"2025-06-13T12:54:22","date_gmt":"2025-06-13T15:54:22","guid":{"rendered":"https:\/\/www.sincomam.org.br\/?p=59643"},"modified":"2025-06-13T12:54:22","modified_gmt":"2025-06-13T15:54:22","slug":"mpf-quer-suspender-leilao-de-47-blocos-de-petroleo-na-foz-do-amazonas","status":"publish","type":"post","link":"https:\/\/www.sincomam.org.br\/index.php\/mpf-quer-suspender-leilao-de-47-blocos-de-petroleo-na-foz-do-amazonas\/","title":{"rendered":"MPF quer suspender leil\u00e3o de 47 blocos de petr\u00f3leo na foz do Amazonas"},"content":{"rendered":"<p>O Minist\u00e9rio P\u00fablico Federal (MPF) anunciou, nesta quinta-feira (12), que entrou com uma a\u00e7\u00e3o para suspender de forma imediata o leil\u00e3o de blocos de petr\u00f3leo e g\u00e1s da 5\u00aa Oferta Permanente de Concess\u00e3o (OPC), previsto para a pr\u00f3xima ter\u00e7a-feira (17).\u00a0<img decoding=\"async\" src=\"https:\/\/agenciabrasil.ebc.com.br\/ebc.png?id=1646617&amp;o=node\" \/><img decoding=\"async\" src=\"https:\/\/agenciabrasil.ebc.com.br\/ebc.gif?id=1646617&amp;o=node\" \/><\/p>\n<p>A a\u00e7\u00e3o quer impedir a oferta de 47 blocos para explora\u00e7\u00e3o de petr\u00f3leo e g\u00e1s na bacia da foz do Rio Amazonas. O MPF defende que sejam cumpridas medidas previstas na legisla\u00e7\u00e3o socioambiental.<\/p>\n<h2>Reivindica\u00e7\u00f5es<\/h2>\n<p>O MPF pede que a Justi\u00e7a condicione a realiza\u00e7\u00e3o do leil\u00e3o \u00e0 execu\u00e7\u00e3o de quatro medidas: estudo de impacto clim\u00e1tico, avalia\u00e7\u00e3o ambiental de \u00e1rea sedimentar, estudo sobre povos e comunidades tradicionais e consulta aos povos e comunidades tradicionais que podem ser afetados.<\/p>\n<p>Em rela\u00e7\u00e3o \u00e0 consulta \u00e0 sociedade, o MPF defende que a consulta precisa ser em fase de planejamento e n\u00e3o como parte das a\u00e7\u00f5es da licita\u00e7\u00e3o.<\/p>\n<p>Na a\u00e7\u00e3o movida pelo MPF, o \u00f3rg\u00e3o argumenta que a poss\u00edvel expans\u00e3o da explora\u00e7\u00e3o de petr\u00f3leo na regi\u00e3o representa &#8220;grave contrassenso&#8221; diante da emerg\u00eancia clim\u00e1tica e dos compromissos assumidos pelo Brasil, como o Acordo de Paris.<\/p>\n<h2>Cr\u00edticas<\/h2>\n<p>Outra cr\u00edtica que o MPF traz na a\u00e7\u00e3o \u00e9 que o leil\u00e3o sem avalia\u00e7\u00e3o dos impactos clim\u00e1ticos e socioambientais configura-se &#8220;cientificamente insustent\u00e1vel, legalmente indefens\u00e1vel e moralmente injustific\u00e1vel&#8221;.<\/p>\n<blockquote><p>Segundo o MPF, a realiza\u00e7\u00e3o do leil\u00e3o sem os estudos pr\u00e9vios adequados representa uma grave viola\u00e7\u00e3o de direitos fundamentais, compromissos internacionais e da legisla\u00e7\u00e3o ambiental brasileira. A a\u00e7\u00e3o foi movida contra a Uni\u00e3o e a Ag\u00eancia Nacional do Petr\u00f3leo, G\u00e1s Natural e Biocombust\u00edveis (ANP).<\/p><\/blockquote>\n<h2>Ecossistema<\/h2>\n<p>O MPF pondera que a bacia da foz do Amazonas abriga o estu\u00e1rio do Amazonas e seus manguezais, al\u00e9m de extensos ambientes de recifes de corais.<\/p>\n<p>\u201cA \u00e1rea \u00e9 lar de uma imensa quantidade de comunidades e povos tradicionais, cuja sobreviv\u00eancia e modo de vida est\u00e3o diretamente ligados aos ecossistemas costeiros\u201d, finaliza o MPF.<\/p>\n<p>Fonte: Ag\u00eancia Brasil<\/p>\n","protected":false},"excerpt":{"rendered":"<p>O Minist\u00e9rio P\u00fablico Federal (MPF) anunciou, nesta quinta-feira (12), que entrou com uma a\u00e7\u00e3o para suspender de forma imediata o leil\u00e3o de blocos de petr\u00f3leo&#8230;<\/p>\n","protected":false},"author":1527,"featured_media":59645,"comment_status":"closed","ping_status":"closed","sticky":false,"template":"","format":"standard","meta":{"footnotes":""},"categories":[6],"tags":[],"class_list":["post-59643","post","type-post","status-publish","format-standard","has-post-thumbnail","hentry","category-noticias"],"_links":{"self":[{"href":"https:\/\/www.sincomam.org.br\/index.php\/wp-json\/wp\/v2\/posts\/59643","targetHints":{"allow":["GET"]}}],"collection":[{"href":"https:\/\/www.sincomam.org.br\/index.php\/wp-json\/wp\/v2\/posts"}],"about":[{"href":"https:\/\/www.sincomam.org.br\/index.php\/wp-json\/wp\/v2\/types\/post"}],"author":[{"embeddable":true,"href":"https:\/\/www.sincomam.org.br\/index.php\/wp-json\/wp\/v2\/users\/1527"}],"replies":[{"embeddable":true,"href":"https:\/\/www.sincomam.org.br\/index.php\/wp-json\/wp\/v2\/comments?post=59643"}],"version-history":[{"count":1,"href":"https:\/\/www.sincomam.org.br\/index.php\/wp-json\/wp\/v2\/posts\/59643\/revisions"}],"predecessor-version":[{"id":59646,"href":"https:\/\/www.sincomam.org.br\/index.php\/wp-json\/wp\/v2\/posts\/59643\/revisions\/59646"}],"wp:featuredmedia":[{"embeddable":true,"href":"https:\/\/www.sincomam.org.br\/index.php\/wp-json\/wp\/v2\/media\/59645"}],"wp:attachment":[{"href":"https:\/\/www.sincomam.org.br\/index.php\/wp-json\/wp\/v2\/media?parent=59643"}],"wp:term":[{"taxonomy":"category","embeddable":true,"href":"https:\/\/www.sincomam.org.br\/index.php\/wp-json\/wp\/v2\/categories?post=59643"},{"taxonomy":"post_tag","embeddable":true,"href":"https:\/\/www.sincomam.org.br\/index.php\/wp-json\/wp\/v2\/tags?post=59643"}],"curies":[{"name":"wp","href":"https:\/\/api.w.org\/{rel}","templated":true}]}}