{"id":5964,"date":"2014-06-10T10:18:38","date_gmt":"2014-06-10T13:18:38","guid":{"rendered":"http:\/\/www.sincomam.org.br\/?p=5964"},"modified":"2014-06-10T10:18:38","modified_gmt":"2014-06-10T13:18:38","slug":"ahipar-se-prepara-para-remover-vegetacao-que-bloqueia-trechos-sinuosos-do-rio-paraguai","status":"publish","type":"post","link":"https:\/\/www.sincomam.org.br\/index.php\/ahipar-se-prepara-para-remover-vegetacao-que-bloqueia-trechos-sinuosos-do-rio-paraguai\/","title":{"rendered":"Ahipar se prepara para remover vegeta\u00e7\u00e3o que bloqueia trechos sinuosos do Rio Paraguai"},"content":{"rendered":"<p>Com base em uma visita t\u00e9cnica a regi\u00e3o afetada, a AHIPAR (Administra\u00e7\u00e3o da Hidrovia do Paraguai), \u00f3rg\u00e3o do Minist\u00e9rio dos Transportes sediada em Corumb\u00e1 (MS), anunciou a remo\u00e7\u00e3o de balseiro (forma\u00e7\u00e3o constitu\u00edda de gram\u00edneas e de camalote) concentrado em trechos sinuosos do Rio Paraguai, em Mato Grosso. O fen\u00f4meno natural ocorre durante a cheia e pode bloquear a navega\u00e7\u00e3o.<\/p>\n<p>T\u00e9cnicos da AHIPAR realizaram um sobrevoo na semana passada entre Bela Vista do Norte e a Reserva Taiam\u00e3 (C\u00e1ceres, MT) e constataram a presen\u00e7a de balseiro em seis trechos do rio. O engenheiro da AHIPAR Samuel Van Der Laan explicou que a vegeta\u00e7\u00e3o se desprende dos campos e ba\u00edas quando a cheia na regi\u00e3o atinge os cinco metros (a r\u00e9gua de Bela Vista registrou 6,30 metros), concentrando-se no leito do rio.<\/p>\n<p>A forma\u00e7\u00e3o de balseiro, que ocorre nas curvas mais acentuadas do Paraguai, tem maior consist\u00eancia nos passos Boca da Anta (km 1805 da hidrovia) e Volta do Boi (km 1826), espalhando-se por cerca de dois quil\u00f4metros. A vegeta\u00e7\u00e3o concentra tamb\u00e9m, com menor intensidade, na Boca do Canaf\u00edstola (km 1809), Volta Grande (km 1813), Furado do Gualegu\u00e3 (km 1818) e na Volta do Tarumeiro (km 1822).<\/p>\n<p>A desobstru\u00e7\u00e3o da calha do rio ser\u00e1 feita pelo Rebocador Av\u00eddeo de Melo, equipamento da AHIPAR que disp\u00f5e de grade dianteira para remover as ilhas flutuantes e deposit\u00e1-las nas ba\u00edas. O superintendente da empresa, Marcos de Souza Martins, informou que a opera\u00e7\u00e3o inicia-se ainda esta semana tendo em vista que j\u00e1 ocorre dificuldades de navega\u00e7\u00e3o em alguns pontos.<\/p>\n<p>Fonte: Assessoria de Imprensa\/Correio de Corumb\u00e1<\/p>\n","protected":false},"excerpt":{"rendered":"<p>Com base em uma visita t\u00e9cnica a regi\u00e3o afetada, a AHIPAR (Administra\u00e7\u00e3o da Hidrovia do Paraguai), \u00f3rg\u00e3o do Minist\u00e9rio dos Transportes sediada em Corumb\u00e1 (MS),&#8230;<\/p>\n","protected":false},"author":1182,"featured_media":5965,"comment_status":"closed","ping_status":"closed","sticky":false,"template":"","format":"standard","meta":{"footnotes":""},"categories":[6],"tags":[],"class_list":["post-5964","post","type-post","status-publish","format-standard","has-post-thumbnail","hentry","category-noticias"],"_links":{"self":[{"href":"https:\/\/www.sincomam.org.br\/index.php\/wp-json\/wp\/v2\/posts\/5964","targetHints":{"allow":["GET"]}}],"collection":[{"href":"https:\/\/www.sincomam.org.br\/index.php\/wp-json\/wp\/v2\/posts"}],"about":[{"href":"https:\/\/www.sincomam.org.br\/index.php\/wp-json\/wp\/v2\/types\/post"}],"author":[{"embeddable":true,"href":"https:\/\/www.sincomam.org.br\/index.php\/wp-json\/wp\/v2\/users\/1182"}],"replies":[{"embeddable":true,"href":"https:\/\/www.sincomam.org.br\/index.php\/wp-json\/wp\/v2\/comments?post=5964"}],"version-history":[{"count":1,"href":"https:\/\/www.sincomam.org.br\/index.php\/wp-json\/wp\/v2\/posts\/5964\/revisions"}],"predecessor-version":[{"id":5966,"href":"https:\/\/www.sincomam.org.br\/index.php\/wp-json\/wp\/v2\/posts\/5964\/revisions\/5966"}],"wp:featuredmedia":[{"embeddable":true,"href":"https:\/\/www.sincomam.org.br\/index.php\/wp-json\/wp\/v2\/media\/5965"}],"wp:attachment":[{"href":"https:\/\/www.sincomam.org.br\/index.php\/wp-json\/wp\/v2\/media?parent=5964"}],"wp:term":[{"taxonomy":"category","embeddable":true,"href":"https:\/\/www.sincomam.org.br\/index.php\/wp-json\/wp\/v2\/categories?post=5964"},{"taxonomy":"post_tag","embeddable":true,"href":"https:\/\/www.sincomam.org.br\/index.php\/wp-json\/wp\/v2\/tags?post=5964"}],"curies":[{"name":"wp","href":"https:\/\/api.w.org\/{rel}","templated":true}]}}