{"id":59631,"date":"2025-06-13T12:47:14","date_gmt":"2025-06-13T15:47:14","guid":{"rendered":"https:\/\/www.sincomam.org.br\/?p=59631"},"modified":"2025-06-13T12:47:14","modified_gmt":"2025-06-13T15:47:14","slug":"dia-da-marinha-e-celebrado-a-bordo-do-nam-atlantico-no-rio-de-janeiro","status":"publish","type":"post","link":"https:\/\/www.sincomam.org.br\/index.php\/dia-da-marinha-e-celebrado-a-bordo-do-nam-atlantico-no-rio-de-janeiro\/","title":{"rendered":"Dia da Marinha \u00e9 celebrado a bordo do NAM \u201cAtl\u00e2ntico\u201d, no Rio de Janeiro"},"content":{"rendered":"<p class=\"text-align-justify\">O Comando do 1\u00ba Distrito Naval realizou a cerim\u00f4nia alusiva ao Dia da Marinha, a bordo do Navio-Aer\u00f3dromo Multiprop\u00f3sito (NAM) \u201cAtl\u00e2ntico\u201d. Como parte das comemora\u00e7\u00f5es, militares e civis foram condecorados com a Ordem do M\u00e9rito Naval. Tamb\u00e9m foram i\u00e7ados, no mastro principal da embarca\u00e7\u00e3o, os sinais de Barroso, que simbolizam o patriotismo e o esp\u00edrito marinheiro que marcaram a vit\u00f3ria brasileira na Batalha Naval do Riachuelo.<\/p>\n<p class=\"text-align-justify\">Durante a cerim\u00f4nia, foi lida a ordem do dia enviada \u00e0 For\u00e7a pelo Comandante da Marinha, Almirante de Esquadra Marcos Sampaio Olsen.<\/p>\n<p>\u201cA Batalha Naval do Riachuelo consagrou a li\u00e7\u00e3o de que a guerra, quando irrompe no horizonte, n\u00e3o concede tr\u00e9gua \u00e0 des\u00eddia, nem tolera neglig\u00eancia ou improviso. \u00a0Frente \u00e0s amea\u00e7as e operando com meios aqu\u00e9m das peculiaridades impostas pelo ambiente fluvial, a For\u00e7a Naval foi submetida \u00e0 prova. Sobressa\u00edram-se, nesse contexto, destemidos \u201cHomens do mar\u201d, com altivas demonstra\u00e7\u00f5es de bravura, esp\u00edrito de sacrif\u00edcio e dedica\u00e7\u00e3o \u00e0 p\u00e1tria\u201d, destacou.<\/p>\n<p>Em mensagem comemorativa \u00e0 data, tamb\u00e9m lida durante o evento, o Ministro da Defesa, Jos\u00e9 M\u00facio Monteiro Filho, ressaltou a import\u00e2ncia da Marinha para a hist\u00f3ria nacional. \u201cA hist\u00f3ria da Marinha do Brasil entrela\u00e7a-se, em ess\u00eancia, com a pr\u00f3pria forma\u00e7\u00e3o e afirma\u00e7\u00e3o da Na\u00e7\u00e3o. Mais do que instrumento de proje\u00e7\u00e3o de poder, a institui\u00e7\u00e3o foi, em diferentes ocasi\u00f5es, o esteio da integridade territorial e mar\u00edtima, e o escudo da soberania nacional diante de amea\u00e7as\u201d, afirmou o Ministro.<\/p>\n<p class=\"text-align-justify\">O Arcebispo Metropolitano da Arquidiocese do Rio de Janeiro, Cardeal Orani Jo\u00e3o Tempesta, condecorado com a Ordem do M\u00e9rito Naval, no grau de Grande-Oficial, manifestou gratid\u00e3o pela honraria. Ele destacou as a\u00e7\u00f5es sociais realizadas em parceria com a Marinha: \u201cMais de oito mil jovens em todo Brasil s\u00e3o ajudados na forma\u00e7\u00e3o e na recupera\u00e7\u00e3o atrav\u00e9s da Marinha. Al\u00e9m da Batalha do Riachuelo, que celebramos hoje, n\u00f3s tamb\u00e9m enfrentamos outras batalhas. Como as batalhas pelos direitos e pelos valores e a Marinha muito colabora com o Brasil para isso\u201d, ressaltou Dom Orani.<\/p>\n<p class=\"text-align-justify\">Cerca de 200 pessoas foram condecoradas na cerim\u00f4nia. Entre elas, o Primeiro-Sargento Marcos Pereira de Assis, que serve na Diretoria-Geral do Material da Marinha (DGMM) e possui 24 anos de servi\u00e7o. Para ele, o momento foi ainda mais significativo por ter ocorrido ao lado da esposa e das duas filhas.<\/p>\n<p class=\"text-align-justify\">\u201c\u00c9 uma mistura de sentimentos nesse momento. \u00c9 um seleto grupo de militares que possuem essa Comenda, grandes personalidades se destacam, como o Almirante Barroso e o Marinheiro Marc\u00edlio Dias. Esse sentimento \u00e9 ainda maior por poder estar aqui com a minha fam\u00edlia vivenciado esse momento\u201d, afirmou.<\/p>\n<p class=\"text-align-justify\">Al\u00e9m dos homenageados individuais, a condecora\u00e7\u00e3o tamb\u00e9m foi concedida a corpora\u00e7\u00f5es militares e institui\u00e7\u00f5es civis, nacionais ou estrangeiras, que prestaram servi\u00e7os relevantes \u00e0 For\u00e7a Naval. Neste ano, foram destacadas seis organiza\u00e7\u00f5es da Marinha: Secretaria Naval de Seguran\u00e7a Nuclear e Qualidade; Comando do Treinamento e do Desenvolvimento Doutrin\u00e1rio do Corpo de Fuzileiros Navais; Base Naval da Ilha das Cobras; Odontocl\u00ednica Central da Marinha; Base de Submarinos da Ilha da Madeira; e Fragata \u201cIndepend\u00eancia\u201d.<\/p>\n<p class=\"text-align-justify\">Durante o evento, uma salva de 17 tiros foi realizada pelo Navio-Patrulha Oce\u00e2nico (NPaOc) \u201cApa\u201d, fundeado na Ba\u00eda de Guanabara. Tamb\u00e9m participaram da cerim\u00f4nia a Fragata \u201cUni\u00e3o\u201d, o Navio-Patrulha \u201cMaca\u00e9\u201d, o Navio Hidroceanogr\u00e1fico Faroleiro \u201cAlmirante Gra\u00e7a Aranha\u201d, o Aviso de Pesquisa \u201cAspirante Moura\u201d, uma viatura blindada e uma aeronave.<\/p>\n<p class=\"text-align-justify\">A cerim\u00f4nia foi encerrada com a transmiss\u00e3o da campanha do Dia da Marinha. Com o slogan \u201cSai da tela e bora pro mar\u201d, a a\u00e7\u00e3o deste ano incentiva os jovens a ingressarem na For\u00e7a, mostrando que \u00e9 poss\u00edvel viver experi\u00eancias reais, para al\u00e9m do universo dos games. Pela primeira vez, a campanha foi produzida com o uso de Intelig\u00eancia Artificial (IA).<\/p>\n<h5 class=\"text-align-justify\">A Batalha Naval do Riachuelo<\/h5>\n<p class=\"text-align-justify\">Denominado \u201cDia da Marinha\u201d, o 11 de junho faz refer\u00eancia \u00e0 Batalha Naval do Riachuelo, que completa, em 2025, 160 anos. O confronto, ocorrido em 1865 durante a Guerra da Tr\u00edplice Alian\u00e7a, foi decisivo para dar um fim no conflito que persistia. A vit\u00f3ria brasileira em Riachuelo n\u00e3o apenas reverteu o curso da guerra, que at\u00e9 ent\u00e3o favorecia as For\u00e7as paraguaias, como tamb\u00e9m demonstrou a bravura e a estrat\u00e9gia dos marinheiros brasileiros em um cen\u00e1rio de adversidade.<\/p>\n<p class=\"text-align-justify\">A batalha foi travada em um afluente do rio Paran\u00e1, pr\u00f3ximo \u00e0 cidade de Corrientes, na Argentina. As For\u00e7as paraguaias, comandadas pelo General Caballero, planejavam um ataque surpresa \u00e0 Esquadra Brasileira, que estava fundeada no rio Riachuelo. No entanto, a estrat\u00e9gia do Almirante Barroso, comandante da Esquadra \u00e0 \u00e9poca, frustrou os planos inimigos. Manobras arriscadas, como o abalroamento de navios inimigos e o uso da artilharia, foram cruciais para desorganizar e desarticular a Marinha do Paraguai, que, at\u00e9 o momento, contava com um maior n\u00famero de embarca\u00e7\u00f5es.<\/p>\n<p class=\"text-align-justify\">A vit\u00f3ria na Batalha Naval do Riachuelo marcou uma virada decisiva, abrindo caminho para a contraofensiva da Tr\u00edplice Alian\u00e7a. Al\u00e9m do impacto militar, o combate elevou o moral das tropas brasileiras e consolidou a imagem da Marinha do Brasil como um dos pilares da defesa do Pa\u00eds.<\/p>\n<p>Fonte: Ag\u00eancia Marinha de Not\u00edcias<\/p>\n","protected":false},"excerpt":{"rendered":"<p>O Comando do 1\u00ba Distrito Naval realizou a cerim\u00f4nia alusiva ao Dia da Marinha, a bordo do Navio-Aer\u00f3dromo Multiprop\u00f3sito (NAM) \u201cAtl\u00e2ntico\u201d. Como parte das comemora\u00e7\u00f5es,&#8230;<\/p>\n","protected":false},"author":1527,"featured_media":59633,"comment_status":"closed","ping_status":"closed","sticky":false,"template":"","format":"standard","meta":{"footnotes":""},"categories":[6],"tags":[],"class_list":["post-59631","post","type-post","status-publish","format-standard","has-post-thumbnail","hentry","category-noticias"],"_links":{"self":[{"href":"https:\/\/www.sincomam.org.br\/index.php\/wp-json\/wp\/v2\/posts\/59631","targetHints":{"allow":["GET"]}}],"collection":[{"href":"https:\/\/www.sincomam.org.br\/index.php\/wp-json\/wp\/v2\/posts"}],"about":[{"href":"https:\/\/www.sincomam.org.br\/index.php\/wp-json\/wp\/v2\/types\/post"}],"author":[{"embeddable":true,"href":"https:\/\/www.sincomam.org.br\/index.php\/wp-json\/wp\/v2\/users\/1527"}],"replies":[{"embeddable":true,"href":"https:\/\/www.sincomam.org.br\/index.php\/wp-json\/wp\/v2\/comments?post=59631"}],"version-history":[{"count":1,"href":"https:\/\/www.sincomam.org.br\/index.php\/wp-json\/wp\/v2\/posts\/59631\/revisions"}],"predecessor-version":[{"id":59634,"href":"https:\/\/www.sincomam.org.br\/index.php\/wp-json\/wp\/v2\/posts\/59631\/revisions\/59634"}],"wp:featuredmedia":[{"embeddable":true,"href":"https:\/\/www.sincomam.org.br\/index.php\/wp-json\/wp\/v2\/media\/59633"}],"wp:attachment":[{"href":"https:\/\/www.sincomam.org.br\/index.php\/wp-json\/wp\/v2\/media?parent=59631"}],"wp:term":[{"taxonomy":"category","embeddable":true,"href":"https:\/\/www.sincomam.org.br\/index.php\/wp-json\/wp\/v2\/categories?post=59631"},{"taxonomy":"post_tag","embeddable":true,"href":"https:\/\/www.sincomam.org.br\/index.php\/wp-json\/wp\/v2\/tags?post=59631"}],"curies":[{"name":"wp","href":"https:\/\/api.w.org\/{rel}","templated":true}]}}