{"id":5962,"date":"2014-06-10T09:57:56","date_gmt":"2014-06-10T12:57:56","guid":{"rendered":"http:\/\/www.sincomam.org.br\/?p=5962"},"modified":"2014-06-10T09:57:56","modified_gmt":"2014-06-10T12:57:56","slug":"alianca-navegacao-amplia-em-50-frota-terrestre-em-manaus","status":"publish","type":"post","link":"https:\/\/www.sincomam.org.br\/index.php\/alianca-navegacao-amplia-em-50-frota-terrestre-em-manaus\/","title":{"rendered":"Alian\u00e7a Navega\u00e7\u00e3o amplia em 50% frota terrestre em Manaus"},"content":{"rendered":"<p>A Alian\u00e7a Navega\u00e7\u00e3o e Log\u00edstica, armador l\u00edder na cabotagem, ampliou em 50% a frota pr\u00f3pria de transporte rodovi\u00e1rio na regi\u00e3o de Manaus (AM), uma das principais opera\u00e7\u00f5es da empresa. A companhia passou a ter 120 carretas e 15 cavalos mec\u00e2nicos dedicados a coleta e entrega locais. O investimento foi de R$ 3,5 milh\u00f5es.<\/p>\n<p>O bra\u00e7o de transporte rodovi\u00e1rio \u00e9 respons\u00e1vel por 33% das movimenta\u00e7\u00f5es rodovi\u00e1rias gerenciadas pela empresa na cidade amazonense \u2014 o restante \u00e9 feito por empresas terceirizadas.<\/p>\n<p>Denominada Transportadora Alian\u00e7a, a divis\u00e3o, que opera especificamente em Manaus, encerrou o m\u00eas de abril com mais de 1.600 transportes rodovi\u00e1rios.<\/p>\n<p>De acordo com Leonardo Silva, gerente da Alian\u00e7a em Manaus, a expans\u00e3o est\u00e1 diretamente relacionada ao aumento do volume do transporte mar\u00edtimo de cargas dom\u00e9sticas da Alian\u00e7a.<\/p>\n<p>Desde 2002 a empresa decidiu investir em uma frota pr\u00f3pria de cavalos mec\u00e2nicos e carretas focada no atendimento ao mercado varejista e ao polo industrial de Manaus.<\/p>\n<p>Os principais produtos transportados s\u00e3o alimentos, higiene e limpeza, material de constru\u00e7\u00e3o, elet roeletr\u00f4nicos e resinas.<\/p>\n<p>Com faturamento de R$ 3,3 bilh\u00f5es em 2013, a Alian\u00e7a tamb\u00e9m atua no segmento internacional, al\u00e9m da cabotagem. No ano passado, movimentou mais de 673 mil Teus (cont\u00eainer de 20 p\u00e9s). Atualmente, opera regularmente em 17 portos nacionais e possui 12 escrit\u00f3rios pr\u00f3prios no Brasil.<\/p>\n<p>Fonte: Valor Econ\u00f4mico\/Fernanda Pires<\/p>\n","protected":false},"excerpt":{"rendered":"<p>A Alian\u00e7a Navega\u00e7\u00e3o e Log\u00edstica, armador l\u00edder na cabotagem, ampliou em 50% a frota pr\u00f3pria de transporte rodovi\u00e1rio na regi\u00e3o de Manaus (AM), uma das&#8230;<\/p>\n","protected":false},"author":1182,"featured_media":4598,"comment_status":"closed","ping_status":"closed","sticky":false,"template":"","format":"standard","meta":{"footnotes":""},"categories":[6],"tags":[1309,886],"class_list":["post-5962","post","type-post","status-publish","format-standard","has-post-thumbnail","hentry","category-noticias","tag-alianca","tag-navegacao"],"_links":{"self":[{"href":"https:\/\/www.sincomam.org.br\/index.php\/wp-json\/wp\/v2\/posts\/5962","targetHints":{"allow":["GET"]}}],"collection":[{"href":"https:\/\/www.sincomam.org.br\/index.php\/wp-json\/wp\/v2\/posts"}],"about":[{"href":"https:\/\/www.sincomam.org.br\/index.php\/wp-json\/wp\/v2\/types\/post"}],"author":[{"embeddable":true,"href":"https:\/\/www.sincomam.org.br\/index.php\/wp-json\/wp\/v2\/users\/1182"}],"replies":[{"embeddable":true,"href":"https:\/\/www.sincomam.org.br\/index.php\/wp-json\/wp\/v2\/comments?post=5962"}],"version-history":[{"count":1,"href":"https:\/\/www.sincomam.org.br\/index.php\/wp-json\/wp\/v2\/posts\/5962\/revisions"}],"predecessor-version":[{"id":5963,"href":"https:\/\/www.sincomam.org.br\/index.php\/wp-json\/wp\/v2\/posts\/5962\/revisions\/5963"}],"wp:featuredmedia":[{"embeddable":true,"href":"https:\/\/www.sincomam.org.br\/index.php\/wp-json\/wp\/v2\/media\/4598"}],"wp:attachment":[{"href":"https:\/\/www.sincomam.org.br\/index.php\/wp-json\/wp\/v2\/media?parent=5962"}],"wp:term":[{"taxonomy":"category","embeddable":true,"href":"https:\/\/www.sincomam.org.br\/index.php\/wp-json\/wp\/v2\/categories?post=5962"},{"taxonomy":"post_tag","embeddable":true,"href":"https:\/\/www.sincomam.org.br\/index.php\/wp-json\/wp\/v2\/tags?post=5962"}],"curies":[{"name":"wp","href":"https:\/\/api.w.org\/{rel}","templated":true}]}}