{"id":59617,"date":"2025-06-12T11:40:06","date_gmt":"2025-06-12T14:40:06","guid":{"rendered":"https:\/\/www.sincomam.org.br\/?p=59617"},"modified":"2025-06-12T11:40:06","modified_gmt":"2025-06-12T14:40:06","slug":"o-mercado-nautico-espanhol-encerra-o-periodo-de-janeiro-a-maio-com-2014-registos-de-embarcacoes-de-recreio","status":"publish","type":"post","link":"https:\/\/www.sincomam.org.br\/index.php\/o-mercado-nautico-espanhol-encerra-o-periodo-de-janeiro-a-maio-com-2014-registos-de-embarcacoes-de-recreio\/","title":{"rendered":"O mercado n\u00e1utico espanhol encerra o per\u00edodo de janeiro a maio com 2014 registos de embarca\u00e7\u00f5es de recreio"},"content":{"rendered":"<p>Entre janeiro e maio de 2025, foram registadas em Espanha 2.014 embarca\u00e7\u00f5es de recreio, em compara\u00e7\u00e3o com as 2.278 unidades registadas no mesmo per\u00edodo de 2024. Estes dados constam do \u00abRelat\u00f3rio do mercado de embarca\u00e7\u00f5es de recreio. Janeiro-Maio 2025\u00bb, elaborado pela Associa\u00e7\u00e3o Nacional de Empresas N\u00e1uticas (ANEN), com base nos registos da Dire\u00e7\u00e3o-Geral da Marinha Mercante.<\/p>\n<p>Do total de registos nos primeiros cinco meses do ano, 67,5% correspondem a embarca\u00e7\u00f5es para uso privado e 32,5% a barcos destinados ao aluguer n\u00e1utico (ch\u00e1rter).<\/p>\n<p>Fonte: N\u00e1utica Press<\/p>\n","protected":false},"excerpt":{"rendered":"<p>Entre janeiro e maio de 2025, foram registadas em Espanha 2.014 embarca\u00e7\u00f5es de recreio, em compara\u00e7\u00e3o com as 2.278 unidades registadas no mesmo per\u00edodo de&#8230;<\/p>\n","protected":false},"author":1527,"featured_media":59619,"comment_status":"closed","ping_status":"closed","sticky":false,"template":"","format":"standard","meta":{"footnotes":""},"categories":[6],"tags":[],"class_list":["post-59617","post","type-post","status-publish","format-standard","has-post-thumbnail","hentry","category-noticias"],"_links":{"self":[{"href":"https:\/\/www.sincomam.org.br\/index.php\/wp-json\/wp\/v2\/posts\/59617","targetHints":{"allow":["GET"]}}],"collection":[{"href":"https:\/\/www.sincomam.org.br\/index.php\/wp-json\/wp\/v2\/posts"}],"about":[{"href":"https:\/\/www.sincomam.org.br\/index.php\/wp-json\/wp\/v2\/types\/post"}],"author":[{"embeddable":true,"href":"https:\/\/www.sincomam.org.br\/index.php\/wp-json\/wp\/v2\/users\/1527"}],"replies":[{"embeddable":true,"href":"https:\/\/www.sincomam.org.br\/index.php\/wp-json\/wp\/v2\/comments?post=59617"}],"version-history":[{"count":1,"href":"https:\/\/www.sincomam.org.br\/index.php\/wp-json\/wp\/v2\/posts\/59617\/revisions"}],"predecessor-version":[{"id":59620,"href":"https:\/\/www.sincomam.org.br\/index.php\/wp-json\/wp\/v2\/posts\/59617\/revisions\/59620"}],"wp:featuredmedia":[{"embeddable":true,"href":"https:\/\/www.sincomam.org.br\/index.php\/wp-json\/wp\/v2\/media\/59619"}],"wp:attachment":[{"href":"https:\/\/www.sincomam.org.br\/index.php\/wp-json\/wp\/v2\/media?parent=59617"}],"wp:term":[{"taxonomy":"category","embeddable":true,"href":"https:\/\/www.sincomam.org.br\/index.php\/wp-json\/wp\/v2\/categories?post=59617"},{"taxonomy":"post_tag","embeddable":true,"href":"https:\/\/www.sincomam.org.br\/index.php\/wp-json\/wp\/v2\/tags?post=59617"}],"curies":[{"name":"wp","href":"https:\/\/api.w.org\/{rel}","templated":true}]}}