{"id":59609,"date":"2025-06-12T11:30:04","date_gmt":"2025-06-12T14:30:04","guid":{"rendered":"https:\/\/www.sincomam.org.br\/?p=59609"},"modified":"2025-06-12T11:30:04","modified_gmt":"2025-06-12T14:30:04","slug":"ministerio-de-portos-e-aeroportos-envia-a-antaq-segundo-processo-de-licitacao-de-terminais-do-bloco-de-leiloes-portuarios","status":"publish","type":"post","link":"https:\/\/www.sincomam.org.br\/index.php\/ministerio-de-portos-e-aeroportos-envia-a-antaq-segundo-processo-de-licitacao-de-terminais-do-bloco-de-leiloes-portuarios\/","title":{"rendered":"Minist\u00e9rio de Portos e Aeroportos envia \u00e0 Antaq segundo processo de licita\u00e7\u00e3o de terminais do bloco de leil\u00f5es portu\u00e1rios"},"content":{"rendered":"<p><span>A Secretaria Nacional de Portos do Minist\u00e9rio de Portos e Aeroportos (SNP\/MPor) enviou, na semana passada \u00e0 Ag\u00eancia Nacional de Transportes Aquavi\u00e1rios (Antaq), o despacho para a abertura do processo de licita\u00e7\u00e3o do terminal RDJ07, no Porto do Rio de Janeiro (RJ). Esse terminal comp\u00f5e o segundo bloco de leil\u00f5es portu\u00e1rios de 2025 em conjunto com os terminais POA26, do Porto de Porto Alegre (RS), e o TMP Macei\u00f3, no Porto de Macei\u00f3 (AL).<\/span><\/p>\n<p><span>Para aprofundar os estudos e aprimorar o modelo de licita\u00e7\u00e3o a partir das contribui\u00e7\u00f5es recebidas, o MPor decidiu retirar o terminal VCD29, do Porto de Vila do Conde (PA), do segundo bloco. O VCD29 ser\u00e1 inclu\u00eddo posteriormente em novo bloco de leil\u00f5es ainda neste ano.<\/span><\/p>\n<p><span>Tamb\u00e9m na semana passada foi enviado \u00e0 Antaq o despacho para solicitar a abertura de processo de licita\u00e7\u00e3o do canal de acesso ao Porto de Paranagu\u00e1 (PR), que \u00e9 o segundo maior porto do Brasil e da Am\u00e9rica Latina. O empreendimento faz parte do terceiro bloco de leil\u00e3o promovido pelo Governo Federal. A primeira concess\u00e3o de canal de acesso de um porto p\u00fablico ter\u00e1 investimento de R$ 1 bilh\u00e3o. Neste ano est\u00e3o previstas outras licita\u00e7\u00f5es de canal de acesso, como o do Porto de Santos (SP), Porto de Itaja\u00ed (SC) e Porto da Bahia.<\/span><\/p>\n<p><span>A previs\u00e3o \u00e9 que os blocos 2 e 3 de leil\u00f5es portu\u00e1rios sejam realizados no mesmo dia, na B3, em S\u00e3o Paulo. A licita\u00e7\u00e3o est\u00e1 prevista para ocorrer em agosto deste ano. Juntos, os ativos ir\u00e3o atrair mais de 1,2 bilh\u00e3o em investimentos para a log\u00edstica do pa\u00eds.<\/span><\/p>\n<p><strong><span>Terminais portu\u00e1rios e canal de acesso<\/span><\/strong><\/p>\n<p><span>O RDJ07, no Porto do Rio de Janeiro, recebeu R$ 99,4 milh\u00f5es em estrutura especializada em movimenta\u00e7\u00e3o de petr\u00f3leo (carga offshore). A concess\u00e3o tamb\u00e9m tem prazo de 25 anos.<\/span><\/p>\n<p><span>J\u00e1 para o POA26, localizado na Poligonal do Porto Organizado de Porto Alegre (RS), est\u00e3o previstos R$ 21,1 milh\u00f5es pela loca\u00e7\u00e3o da \u00e1rea, destinados \u00e0 movimenta\u00e7\u00e3o e armazenamento de granel s\u00f3lido, com prazo de 10 anos de concess\u00e3o.<\/span><\/p>\n<p><span>E o TMP Macei\u00f3, por sua vez, \u00e9 destinado ao embarque e desembarque de passageiros que transitam pelo Porto de Macei\u00f3, contribuindo para o conforto e a seguran\u00e7a dos turistas. Al\u00e9m do terminal, est\u00e1 prevista a constru\u00e7\u00e3o de estacionamento adjacente. O investimento ser\u00e1 de R$ 3,7 milh\u00f5es, com prazo de 25 anos de concess\u00e3o.<\/span><\/p>\n<p><span>A concess\u00e3o do canal de acesso do porto de Paranagu\u00e1 permitir\u00e1 a amplia\u00e7\u00e3o do calado de 13,5 metros de profundidade para 15,5 metros, elevando a capacidade do porto para receber navios de maior porte e expandindo a movimenta\u00e7\u00e3o de cargas. Atualmente, o Porto recebe 2.600 navios por ano, com destaque para gran\u00e9is s\u00f3lidos, como soja e prote\u00edna animal. A concess\u00e3o ainda maior efici\u00eancia na opera\u00e7\u00e3o portu\u00e1ria, possibilitando a amplia\u00e7\u00e3o do n\u00famero de navios no porto.<\/span><\/p>\n<p><span>Fonte:\u00a0<\/span><span>Ag\u00eancia Porto<\/span><\/p>\n","protected":false},"excerpt":{"rendered":"<p>A Secretaria Nacional de Portos do Minist\u00e9rio de Portos e Aeroportos (SNP\/MPor) enviou, na semana passada \u00e0 Ag\u00eancia Nacional de Transportes Aquavi\u00e1rios (Antaq), o despacho&#8230;<\/p>\n","protected":false},"author":1527,"featured_media":59611,"comment_status":"closed","ping_status":"closed","sticky":false,"template":"","format":"standard","meta":{"footnotes":""},"categories":[6],"tags":[],"class_list":["post-59609","post","type-post","status-publish","format-standard","has-post-thumbnail","hentry","category-noticias"],"_links":{"self":[{"href":"https:\/\/www.sincomam.org.br\/index.php\/wp-json\/wp\/v2\/posts\/59609","targetHints":{"allow":["GET"]}}],"collection":[{"href":"https:\/\/www.sincomam.org.br\/index.php\/wp-json\/wp\/v2\/posts"}],"about":[{"href":"https:\/\/www.sincomam.org.br\/index.php\/wp-json\/wp\/v2\/types\/post"}],"author":[{"embeddable":true,"href":"https:\/\/www.sincomam.org.br\/index.php\/wp-json\/wp\/v2\/users\/1527"}],"replies":[{"embeddable":true,"href":"https:\/\/www.sincomam.org.br\/index.php\/wp-json\/wp\/v2\/comments?post=59609"}],"version-history":[{"count":1,"href":"https:\/\/www.sincomam.org.br\/index.php\/wp-json\/wp\/v2\/posts\/59609\/revisions"}],"predecessor-version":[{"id":59612,"href":"https:\/\/www.sincomam.org.br\/index.php\/wp-json\/wp\/v2\/posts\/59609\/revisions\/59612"}],"wp:featuredmedia":[{"embeddable":true,"href":"https:\/\/www.sincomam.org.br\/index.php\/wp-json\/wp\/v2\/media\/59611"}],"wp:attachment":[{"href":"https:\/\/www.sincomam.org.br\/index.php\/wp-json\/wp\/v2\/media?parent=59609"}],"wp:term":[{"taxonomy":"category","embeddable":true,"href":"https:\/\/www.sincomam.org.br\/index.php\/wp-json\/wp\/v2\/categories?post=59609"},{"taxonomy":"post_tag","embeddable":true,"href":"https:\/\/www.sincomam.org.br\/index.php\/wp-json\/wp\/v2\/tags?post=59609"}],"curies":[{"name":"wp","href":"https:\/\/api.w.org\/{rel}","templated":true}]}}