{"id":59601,"date":"2025-06-12T11:20:12","date_gmt":"2025-06-12T14:20:12","guid":{"rendered":"https:\/\/www.sincomam.org.br\/?p=59601"},"modified":"2025-06-12T11:20:12","modified_gmt":"2025-06-12T14:20:12","slug":"stf-suspende-julgamento-sobre-revisao-da-vida-toda","status":"publish","type":"post","link":"https:\/\/www.sincomam.org.br\/index.php\/stf-suspende-julgamento-sobre-revisao-da-vida-toda\/","title":{"rendered":"STF suspende julgamento sobre revis\u00e3o da vida toda"},"content":{"rendered":"<p>A ministra C\u00e1rmen L\u00facia, do Supremo Tribunal Federal (STF), pediu vista e suspendeu nesta ter\u00e7a-feira (10) o julgamento de mais um recurso que envolve a revis\u00e3o da vida toda das aposentadorias do Instituto Nacional do Seguro Social (INSS).<img decoding=\"async\" src=\"https:\/\/agenciabrasil.ebc.com.br\/ebc.png?id=1646301&amp;o=node\" \/><img decoding=\"async\" src=\"https:\/\/agenciabrasil.ebc.com.br\/ebc.gif?id=1646301&amp;o=node\" \/><\/p>\n<p>Na sexta-feira (6), o plen\u00e1rio virtual da Corte iniciou o julgamento de um recurso do INSS para aplicar o entendimento da Corte que vetou a revis\u00e3o dos benef\u00edcios aos processos que est\u00e3o em tramita\u00e7\u00e3o na Justi\u00e7a.<\/p>\n<p>At\u00e9 o momento, o placar do julgamento est\u00e1 3 votos a 1 para manter a aplica\u00e7\u00e3o do entendimento desfavor\u00e1vel aos aposentados.<\/p>\n<p>Primeiro a votar, o ministro Alexandre de Moraes, relator do caso, entendeu que, ap\u00f3s a decis\u00e3o do plen\u00e1rio contr\u00e1ria aos aposentados, deve ser aplicada a nova tese dos processos que aguardavam a decis\u00e3o final da Corte.<\/p>\n<p>O voto foi seguido pelos ministros Cristiano Zanin e Gilmar Mendes.<\/p>\n<p>O \u00fanico voto favor\u00e1vel \u00e0 revis\u00e3o dos benef\u00edcios foi apresentado pelo ministro Andr\u00e9 Mendon\u00e7a.<\/p>\n<p>A data para retomada do julgamento ainda n\u00e3o definida.<\/p>\n<h2>Entenda<\/h2>\n<p>Em\u00a0mar\u00e7o do ano passado, o Supremo decidiu que os aposentados n\u00e3o t\u00eam direito de optar pela regra mais favor\u00e1vel para rec\u00e1lculo do benef\u00edcio.<\/p>\n<p>A decis\u00e3o anulou outra delibera\u00e7\u00e3o da Corte favor\u00e1vel \u00e0 revis\u00e3o da vida toda.<\/p>\n<p>A reviravolta ocorreu porque os ministros julgaram duas a\u00e7\u00f5es de inconstitucionalidade contra a Lei dos Planos de Benef\u00edcios da Previd\u00eancia Social (Lei 8.213\/1991), e n\u00e3o o recurso extraordin\u00e1rio no qual os aposentados ganharam o direito \u00e0 revis\u00e3o.<\/p>\n<p>Agora, a Corte julga o recurso do INSS para o resultado obtido no julgamento seja aplicado ao recurso extraordin\u00e1rio e, consequentemente, \u00e0s a\u00e7\u00f5es que tramitam em todo o pa\u00eds sobre a quest\u00e3o.<\/p>\n<p>Fonte: Ag\u00eancia Brasil<\/p>\n","protected":false},"excerpt":{"rendered":"<p>A ministra C\u00e1rmen L\u00facia, do Supremo Tribunal Federal (STF), pediu vista e suspendeu nesta ter\u00e7a-feira (10) o julgamento de mais um recurso que envolve a&#8230;<\/p>\n","protected":false},"author":1527,"featured_media":59603,"comment_status":"closed","ping_status":"closed","sticky":false,"template":"","format":"standard","meta":{"footnotes":""},"categories":[6],"tags":[],"class_list":["post-59601","post","type-post","status-publish","format-standard","has-post-thumbnail","hentry","category-noticias"],"_links":{"self":[{"href":"https:\/\/www.sincomam.org.br\/index.php\/wp-json\/wp\/v2\/posts\/59601","targetHints":{"allow":["GET"]}}],"collection":[{"href":"https:\/\/www.sincomam.org.br\/index.php\/wp-json\/wp\/v2\/posts"}],"about":[{"href":"https:\/\/www.sincomam.org.br\/index.php\/wp-json\/wp\/v2\/types\/post"}],"author":[{"embeddable":true,"href":"https:\/\/www.sincomam.org.br\/index.php\/wp-json\/wp\/v2\/users\/1527"}],"replies":[{"embeddable":true,"href":"https:\/\/www.sincomam.org.br\/index.php\/wp-json\/wp\/v2\/comments?post=59601"}],"version-history":[{"count":1,"href":"https:\/\/www.sincomam.org.br\/index.php\/wp-json\/wp\/v2\/posts\/59601\/revisions"}],"predecessor-version":[{"id":59604,"href":"https:\/\/www.sincomam.org.br\/index.php\/wp-json\/wp\/v2\/posts\/59601\/revisions\/59604"}],"wp:featuredmedia":[{"embeddable":true,"href":"https:\/\/www.sincomam.org.br\/index.php\/wp-json\/wp\/v2\/media\/59603"}],"wp:attachment":[{"href":"https:\/\/www.sincomam.org.br\/index.php\/wp-json\/wp\/v2\/media?parent=59601"}],"wp:term":[{"taxonomy":"category","embeddable":true,"href":"https:\/\/www.sincomam.org.br\/index.php\/wp-json\/wp\/v2\/categories?post=59601"},{"taxonomy":"post_tag","embeddable":true,"href":"https:\/\/www.sincomam.org.br\/index.php\/wp-json\/wp\/v2\/tags?post=59601"}],"curies":[{"name":"wp","href":"https:\/\/api.w.org\/{rel}","templated":true}]}}