{"id":5960,"date":"2014-06-10T08:33:58","date_gmt":"2014-06-10T11:33:58","guid":{"rendered":"http:\/\/www.sincomam.org.br\/?p=5960"},"modified":"2014-06-09T23:42:45","modified_gmt":"2014-06-10T02:42:45","slug":"belem-inaugura-porto-com-padrao-fifa-mesmo-fora-da-copa","status":"publish","type":"post","link":"https:\/\/www.sincomam.org.br\/index.php\/belem-inaugura-porto-com-padrao-fifa-mesmo-fora-da-copa\/","title":{"rendered":"Bel\u00e9m inaugura porto com padr\u00e3o Fifa mesmo &#8216;fora da Copa&#8217;"},"content":{"rendered":"<p>Um dos prometidos legados da Copa do Mundo em Manaus oferece ao usu\u00e1rio desconforto e poeira frutos de uma intermin\u00e1vel briga pol\u00edtica-empresarial que descaracteriza um dos pontos de maior interesse para o patrim\u00f4nio hist\u00f3rico da cidade: o porto de Manaus. Enquanto o legado dos ingleses para o povo de Ajuricaba vive dias de \u201cmaquiagem\u201d feita \u00e0s pressas para a Copa, bem aqui ao lado, em Bel\u00e9m, o porto local deixou de ser um patinho feio para adquirir padr\u00e3o de aeroporto da Fifa mesmo sem a cidade ser \u201cHost City\u201d (sede jogos).<\/p>\n<p>O \u201cmilagre\u201d foi operado em 1 ano e um m\u00eas &#8211; da licita\u00e7\u00e3o \u00e0 inaugura\u00e7\u00e3o &#8211; e tudo passou pelo crivo do Minist\u00e9rio P\u00fablico do Par\u00e1 e do escrit\u00f3rio local do Instituto do Patrim\u00f4nio Hist\u00f3rico e Art\u00edstico Nacional (Iphan), com um atraso de exatos 30 dias sobre o cronograma inicial. Enquanto isso, o porto de Manaus teve obras iniciadas ap\u00f3s quase quatro anos de querelas iniciadas ap\u00f3s a privatiza\u00e7\u00e3o empreendida no terceiro governo de Amazonino Mendes (1998-2002) e que beneficiou a fam\u00edlia do ex-senador Carlos Alberto De\u00b4Carli. Durante o processo, Amazonino entregou a administra\u00e7\u00e3o do porto e tamb\u00e9m a autoridade portu\u00e1ria. Isso foi questionado na Justi\u00e7a e brecou os investimentos que previam at\u00e9 a instala\u00e7\u00e3o na esta\u00e7\u00e3o hidrovi\u00e1ria de um dos bares mais famosos do mundo, o Hard Rock Caffee. Tudo ilus\u00e3o<\/p>\n<p>Em Bel\u00e9m, o usu\u00e1rio do Terminal Hidrovi\u00e1rio do Porto de Bel\u00e9m Luiz Rebelo Neto desfruta de padr\u00e3o internacional, com \u00e1rea climatizada, pain\u00e9is de led indicando hor\u00e1rio de chegada e partida dos barcos, sistema de som anunciando o momento de embarcar, tudo isso com o passageiro esperando em cadeiras de padr\u00e3o igual \u00e0s que est\u00e3o sendo instaladas no novo aeroporto internacional Eduardo Gomes, em Manaus. Para completar o conforto do passageiro, h\u00e1 caf\u00e9s, lanchonetes, servi\u00e7os de orienta\u00e7\u00e3o ao turista, lojas de artesanato, bebedouros, bancos eletr\u00f4nicos, lot\u00e9ricas e em dias de chuva uma sanfona (finger) para o passageiro n\u00e3o se molhar no deslocamento entre as esta\u00e7\u00f5es de embarque e desembarque e as plataformas de acesso aos barcos. Tudo isso funciona no armaz\u00e9m 9 do porto.<\/p>\n","protected":false},"excerpt":{"rendered":"<p>Um dos prometidos legados da Copa do Mundo em Manaus oferece ao usu\u00e1rio desconforto e poeira frutos de uma intermin\u00e1vel briga pol\u00edtica-empresarial que descaracteriza um&#8230;<\/p>\n","protected":false},"author":1182,"featured_media":5342,"comment_status":"closed","ping_status":"closed","sticky":false,"template":"","format":"standard","meta":{"footnotes":""},"categories":[1],"tags":[],"class_list":["post-5960","post","type-post","status-publish","format-standard","has-post-thumbnail","hentry","category-sem-categoria"],"_links":{"self":[{"href":"https:\/\/www.sincomam.org.br\/index.php\/wp-json\/wp\/v2\/posts\/5960","targetHints":{"allow":["GET"]}}],"collection":[{"href":"https:\/\/www.sincomam.org.br\/index.php\/wp-json\/wp\/v2\/posts"}],"about":[{"href":"https:\/\/www.sincomam.org.br\/index.php\/wp-json\/wp\/v2\/types\/post"}],"author":[{"embeddable":true,"href":"https:\/\/www.sincomam.org.br\/index.php\/wp-json\/wp\/v2\/users\/1182"}],"replies":[{"embeddable":true,"href":"https:\/\/www.sincomam.org.br\/index.php\/wp-json\/wp\/v2\/comments?post=5960"}],"version-history":[{"count":1,"href":"https:\/\/www.sincomam.org.br\/index.php\/wp-json\/wp\/v2\/posts\/5960\/revisions"}],"predecessor-version":[{"id":5961,"href":"https:\/\/www.sincomam.org.br\/index.php\/wp-json\/wp\/v2\/posts\/5960\/revisions\/5961"}],"wp:featuredmedia":[{"embeddable":true,"href":"https:\/\/www.sincomam.org.br\/index.php\/wp-json\/wp\/v2\/media\/5342"}],"wp:attachment":[{"href":"https:\/\/www.sincomam.org.br\/index.php\/wp-json\/wp\/v2\/media?parent=5960"}],"wp:term":[{"taxonomy":"category","embeddable":true,"href":"https:\/\/www.sincomam.org.br\/index.php\/wp-json\/wp\/v2\/categories?post=5960"},{"taxonomy":"post_tag","embeddable":true,"href":"https:\/\/www.sincomam.org.br\/index.php\/wp-json\/wp\/v2\/tags?post=5960"}],"curies":[{"name":"wp","href":"https:\/\/api.w.org\/{rel}","templated":true}]}}