{"id":59597,"date":"2025-06-12T11:19:02","date_gmt":"2025-06-12T14:19:02","guid":{"rendered":"https:\/\/www.sincomam.org.br\/?p=59597"},"modified":"2025-06-12T11:19:02","modified_gmt":"2025-06-12T14:19:02","slug":"movimentacao-portuaria-bate-recorde-por-dois-meses-seguidos","status":"publish","type":"post","link":"https:\/\/www.sincomam.org.br\/index.php\/movimentacao-portuaria-bate-recorde-por-dois-meses-seguidos\/","title":{"rendered":"Movimenta\u00e7\u00e3o portu\u00e1ria bate recorde por dois meses seguidos"},"content":{"rendered":"<p>A movimenta\u00e7\u00e3o nos portos brasileiros foi recorde, tanto no m\u00eas de abril como no acumulado do ano. Com isso j\u00e1 s\u00e3o dois meses consecutivos de melhores resultados na s\u00e9rie hist\u00f3rica, segundo os dados do Estat\u00edstico Aquavi\u00e1rio da Ag\u00eancia Nacional de Transportes Aquavi\u00e1rios (Antaq).<img decoding=\"async\" src=\"https:\/\/agenciabrasil.ebc.com.br\/ebc.png?id=1646501&amp;o=node\" \/><img decoding=\"async\" src=\"https:\/\/agenciabrasil.ebc.com.br\/ebc.gif?id=1646501&amp;o=node\" \/><\/p>\n<p>Na compara\u00e7\u00e3o entre a movimenta\u00e7\u00e3o portu\u00e1ria registrada em abril de 2025 com abril de 2024, o crescimento ficou em 1,12%. Foram, ao todo, 107,6 milh\u00f5es de toneladas de cargas.<\/p>\n<p>No acumulado do ano, de janeiro a abril, a movimenta\u00e7\u00e3o alcan\u00e7ou 412 milh\u00f5es de toneladas. De acordo com o Minist\u00e9rio de Portos e Aeroportos, este foi o melhor abril da s\u00e9rie hist\u00f3rica. \u201cE pelo segundo m\u00eas consecutivo, estamos batendo recorde de movimenta\u00e7\u00e3o de cargas\u201d, destacou o ministro Silvio Costa Filho, em nota divulgada pela pasta.<\/p>\n<h2>Dados estat\u00edsticos<\/h2>\n<p>De acordo com os dados estat\u00edsticos, a navega\u00e7\u00e3o por longo curso, que inclui exporta\u00e7\u00e3o e importa\u00e7\u00e3o, registrou crescimento de 1,71% em abril, na compara\u00e7\u00e3o com o mesmo m\u00eas do ano anterior. Foram 76,6 milh\u00f5es de toneladas de cargas.<\/p>\n<p>J\u00e1 na cabotagem, que \u00e9 a navega\u00e7\u00e3o entre portos do pa\u00eds, a movimenta\u00e7\u00e3o chegou a 23,3 milh\u00f5es de toneladas.<\/p>\n<p>A navega\u00e7\u00e3o interna, que abrange as vias naveg\u00e1veis do interior do Brasil (rios, lagoas, lagos, canais, enseadas) movimentou 7,6 milh\u00f5es de toneladas.<\/p>\n<h2>Portos p\u00fablicos e privados<\/h2>\n<p>Nas instala\u00e7\u00f5es portu\u00e1rias privadas (terminais autorizados) o crescimento em abril ficou em 4%, na compara\u00e7\u00e3o com abril de 2024 \u2013 resultado que corresponde a 69,8 milh\u00f5es de toneladas.<\/p>\n<p>Nos portos p\u00fablicos, a movimenta\u00e7\u00e3o registrada no mesmo m\u00eas ficou em 37,8 milh\u00f5es de toneladas.<\/p>\n<p>Tendo como base o tipo de produtos, graneis s\u00f3lidos apresentaram alta de 2,27%, movimentando 65,1 milh\u00f5es de toneladas. J\u00e1 o crescimento da movimenta\u00e7\u00e3o de gran\u00e9is l\u00edquidos ficou em 1,94% (25,7 milh\u00f5es toneladas de cargas).<\/p>\n<p>Fonte: Ag\u00eancia Brasil<\/p>\n","protected":false},"excerpt":{"rendered":"<p>A movimenta\u00e7\u00e3o nos portos brasileiros foi recorde, tanto no m\u00eas de abril como no acumulado do ano. Com isso j\u00e1 s\u00e3o dois meses consecutivos de&#8230;<\/p>\n","protected":false},"author":1527,"featured_media":59599,"comment_status":"closed","ping_status":"closed","sticky":false,"template":"","format":"standard","meta":{"footnotes":""},"categories":[6],"tags":[],"class_list":["post-59597","post","type-post","status-publish","format-standard","has-post-thumbnail","hentry","category-noticias"],"_links":{"self":[{"href":"https:\/\/www.sincomam.org.br\/index.php\/wp-json\/wp\/v2\/posts\/59597","targetHints":{"allow":["GET"]}}],"collection":[{"href":"https:\/\/www.sincomam.org.br\/index.php\/wp-json\/wp\/v2\/posts"}],"about":[{"href":"https:\/\/www.sincomam.org.br\/index.php\/wp-json\/wp\/v2\/types\/post"}],"author":[{"embeddable":true,"href":"https:\/\/www.sincomam.org.br\/index.php\/wp-json\/wp\/v2\/users\/1527"}],"replies":[{"embeddable":true,"href":"https:\/\/www.sincomam.org.br\/index.php\/wp-json\/wp\/v2\/comments?post=59597"}],"version-history":[{"count":1,"href":"https:\/\/www.sincomam.org.br\/index.php\/wp-json\/wp\/v2\/posts\/59597\/revisions"}],"predecessor-version":[{"id":59600,"href":"https:\/\/www.sincomam.org.br\/index.php\/wp-json\/wp\/v2\/posts\/59597\/revisions\/59600"}],"wp:featuredmedia":[{"embeddable":true,"href":"https:\/\/www.sincomam.org.br\/index.php\/wp-json\/wp\/v2\/media\/59599"}],"wp:attachment":[{"href":"https:\/\/www.sincomam.org.br\/index.php\/wp-json\/wp\/v2\/media?parent=59597"}],"wp:term":[{"taxonomy":"category","embeddable":true,"href":"https:\/\/www.sincomam.org.br\/index.php\/wp-json\/wp\/v2\/categories?post=59597"},{"taxonomy":"post_tag","embeddable":true,"href":"https:\/\/www.sincomam.org.br\/index.php\/wp-json\/wp\/v2\/tags?post=59597"}],"curies":[{"name":"wp","href":"https:\/\/api.w.org\/{rel}","templated":true}]}}