{"id":59573,"date":"2025-06-11T12:45:59","date_gmt":"2025-06-11T15:45:59","guid":{"rendered":"https:\/\/www.sincomam.org.br\/?p=59573"},"modified":"2025-06-11T12:45:59","modified_gmt":"2025-06-11T15:45:59","slug":"antaq-confirma-regularidade-do-porto-de-cabedelo","status":"publish","type":"post","link":"https:\/\/www.sincomam.org.br\/index.php\/antaq-confirma-regularidade-do-porto-de-cabedelo\/","title":{"rendered":"ANTAQ confirma regularidade do Porto de Cabedelo"},"content":{"rendered":"<p><span>Mais uma importante conquista para o Porto de Cabedelo. A Ag\u00eancia Nacional de Transportes Aquavi\u00e1rios (ANTAQ), obteve, ap\u00f3s procedimentos e an\u00e1lises do nosso Porto de Cabedelo durante o Plano Anual de Fiscaliza\u00e7\u00e3o, a plena conformidade com as configura\u00e7\u00f5es regulamentares estabelecidas. O relat\u00f3rio da ag\u00eancia confirma que o Porto de Cabedelo n\u00e3o apresentou, nos \u00faltimos 12 meses, qualquer incompatibilidade gerencial que pudesse gerar infra\u00e7\u00e3o junto ao \u00f3rg\u00e3o regulador.<\/span><\/p>\n<p><span>&#8220;Essa conquista atesta, de forma incontest\u00e1vel, o zelo de nossa gest\u00e3o para com o cumprimento das formalidades do setor e, em particular, atesta o excelente momento que o Porto de Cabedelo atravessa. S\u00e3o quase 200 milh\u00f5es em investimentos em obras de infraestrutura, moderniza\u00e7\u00e3o operacional e sustentabilidade, promovendo uma maior transforma\u00e7\u00e3o do Porto de Cabedelo nos seus 90 anos de exist\u00eancia&#8221;, afirma o diretor-presidente da Companhia Docas da Para\u00edba, Ricardo Barbosa.<\/span><\/p>\n<p><span>O resultado reafirma o compromisso do Porto com uma administra\u00e7\u00e3o t\u00e9cnica, eficiente e em total alinhamento com os marcos legais do setor portu\u00e1rio e \u00e9 a coroa\u00e7\u00e3o de todos os esfor\u00e7os do Governo do Estado. \u201cEstamos agitados com esmero e rigor no que diz respeito \u00e0s formalidades ordin\u00e1rias pela Antaq e, claro, buscando, dia a dia, transformar o novo Porto de Cabedelo no principal vetor de desenvolvimento do Estado\u201d, acrescenta o diretor-presidente.<\/span><\/p>\n<p><span>A fiscaliza\u00e7\u00e3o da ANTAQ \u00e9 um procedimento de rotina, com foco em determinados itens normativos por meio de an\u00e1lise documental. Entre os aspectos avaliados, est\u00e3o: regularidade junto a outros entes, licen\u00e7as e alvar\u00e1s, relat\u00f3rio de servi\u00e7os e tarifas, a\u00e7\u00f5es realizadas no canal e bacia de evolu\u00e7\u00e3o, entre outros itens.<\/span><\/p>\n<p><span>&#8220;\u00c9 uma confirma\u00e7\u00e3o, por parte da prestigiosa ag\u00eancia, que demonstra que o nosso trabalho est\u00e1 no caminho certo. Fruto do esfor\u00e7o conjunto de toda a equipe, do compromisso do Governo da Para\u00edba, especialmente na pessoa do governador Jo\u00e3o Azev\u00eado e do dever que temos com o desenvolvimento da Para\u00edba&#8221;, concluiu Barbosa.<\/span><\/p>\n<p><span>Fonte:\u00a0<\/span><span>Ag\u00eancia Porto<\/span><\/p>\n","protected":false},"excerpt":{"rendered":"<p>Mais uma importante conquista para o Porto de Cabedelo. A Ag\u00eancia Nacional de Transportes Aquavi\u00e1rios (ANTAQ), obteve, ap\u00f3s procedimentos e an\u00e1lises do nosso Porto de&#8230;<\/p>\n","protected":false},"author":1527,"featured_media":59575,"comment_status":"closed","ping_status":"closed","sticky":false,"template":"","format":"standard","meta":{"footnotes":""},"categories":[6],"tags":[],"class_list":["post-59573","post","type-post","status-publish","format-standard","has-post-thumbnail","hentry","category-noticias"],"_links":{"self":[{"href":"https:\/\/www.sincomam.org.br\/index.php\/wp-json\/wp\/v2\/posts\/59573","targetHints":{"allow":["GET"]}}],"collection":[{"href":"https:\/\/www.sincomam.org.br\/index.php\/wp-json\/wp\/v2\/posts"}],"about":[{"href":"https:\/\/www.sincomam.org.br\/index.php\/wp-json\/wp\/v2\/types\/post"}],"author":[{"embeddable":true,"href":"https:\/\/www.sincomam.org.br\/index.php\/wp-json\/wp\/v2\/users\/1527"}],"replies":[{"embeddable":true,"href":"https:\/\/www.sincomam.org.br\/index.php\/wp-json\/wp\/v2\/comments?post=59573"}],"version-history":[{"count":1,"href":"https:\/\/www.sincomam.org.br\/index.php\/wp-json\/wp\/v2\/posts\/59573\/revisions"}],"predecessor-version":[{"id":59576,"href":"https:\/\/www.sincomam.org.br\/index.php\/wp-json\/wp\/v2\/posts\/59573\/revisions\/59576"}],"wp:featuredmedia":[{"embeddable":true,"href":"https:\/\/www.sincomam.org.br\/index.php\/wp-json\/wp\/v2\/media\/59575"}],"wp:attachment":[{"href":"https:\/\/www.sincomam.org.br\/index.php\/wp-json\/wp\/v2\/media?parent=59573"}],"wp:term":[{"taxonomy":"category","embeddable":true,"href":"https:\/\/www.sincomam.org.br\/index.php\/wp-json\/wp\/v2\/categories?post=59573"},{"taxonomy":"post_tag","embeddable":true,"href":"https:\/\/www.sincomam.org.br\/index.php\/wp-json\/wp\/v2\/tags?post=59573"}],"curies":[{"name":"wp","href":"https:\/\/api.w.org\/{rel}","templated":true}]}}