{"id":59553,"date":"2025-06-10T11:52:12","date_gmt":"2025-06-10T14:52:12","guid":{"rendered":"https:\/\/www.sincomam.org.br\/?p=59553"},"modified":"2025-06-10T11:52:12","modified_gmt":"2025-06-10T14:52:12","slug":"lideres-mundiais-aceleram-iniciativas-pela-preservacao-dos-oceanos","status":"publish","type":"post","link":"https:\/\/www.sincomam.org.br\/index.php\/lideres-mundiais-aceleram-iniciativas-pela-preservacao-dos-oceanos\/","title":{"rendered":"L\u00edderes mundiais aceleram iniciativas pela preserva\u00e7\u00e3o dos oceanos"},"content":{"rendered":"<p class=\"text-align-justify\">A Marinha do Brasil (MB) integra a delega\u00e7\u00e3o brasileira que participa da 3\u00aa Confer\u00eancia das Na\u00e7\u00f5es Unidas para os Oceanos (UNOC3), que acontece a partir desta segunda-feira (9), em Nice, na Fran\u00e7a. A agenda da confer\u00eancia tem como foco o fomento ao conhecimento cient\u00edfico marinho, com o objetivo de subsidiar decis\u00f5es seguras para a preserva\u00e7\u00e3o e o uso sustent\u00e1vel dos recursos do mar. Tamb\u00e9m est\u00e3o previstas a\u00e7\u00f5es voltadas ao fortalecimento da coopera\u00e7\u00e3o multilateral e \u00e0 mobiliza\u00e7\u00e3o de recursos para acelerar sua implementa\u00e7\u00e3o.<\/p>\n<p class=\"text-align-justify\">\u201cA nossa participa\u00e7\u00e3o em discuss\u00f5es internacionais relacionadas \u00e0 governan\u00e7a dos oceanos \u00e9 relevante para assegurar a soberania no ambiente marinho nacional, que equivale a cerca de 67% da \u00e1rea terrestre do Pa\u00eds. O acompanhamento e o assessoramento da Marinha na formula\u00e7\u00e3o de instrumentos que se referem ao mar contribuem para a defesa dos interesses nacionais\u201d, explica a Encarregada da Divis\u00e3o de Recursos Vivos da Secretaria da Comiss\u00e3o Interministerial para os Recursos do Mar (SECIRM), Capit\u00e3o de Mar e Guerra (da reserva) Ana Cl\u00e1udia de Paula.<\/p>\n<h5 class=\"text-align-justify\">Brasil na vanguarda<\/h5>\n<p class=\"text-align-justify\">A preocupa\u00e7\u00e3o mundial com a conserva\u00e7\u00e3o dos mares n\u00e3o \u00e9 recente. No entanto, eventos clim\u00e1ticos extremos observados a partir da d\u00e9cada de 2010 evidenciaram a urg\u00eancia do tema. O oceano absorve cerca de 89% do excesso de calor da Terra, conforme dados do servi\u00e7o de monitoramento marinho Copernicus, da Uni\u00e3o Europeia. Al\u00e9m de regular o clima, \u00e9 habitat de biodiversidade, contribui para a seguran\u00e7a alimentar e impulsiona a economia global. Por sua relev\u00e2ncia, foi inclu\u00eddo entre os Objetivos de Desenvolvimento Sustent\u00e1vel definidos pelas Na\u00e7\u00f5es Unidas, com meta de alcance at\u00e9 2030.<\/p>\n<p class=\"text-align-justify\">No Brasil, cujo desenvolvimento est\u00e1 fortemente ligado ao mar, a aten\u00e7\u00e3o ao ambiente marinho \u00e9 hist\u00f3rica. A cria\u00e7\u00e3o da Comiss\u00e3o Interministerial para os Recursos do Mar (CIRM), em 1974, teve o prop\u00f3sito de coordenar a\u00e7\u00f5es relacionadas \u00e0 Pol\u00edtica Nacional para os Recursos do Mar. \u201cO pioneirismo brasileiro nesse campo se deve, provavelmente, \u00e0 extens\u00e3o da costa e \u00e0 import\u00e2ncia do ambiente marinho para o Pa\u00eds, evidenciando sua voca\u00e7\u00e3o mar\u00edtima\u201d, avalia a Capit\u00e3o de Mar e Guerra Ana Cl\u00e1udia de Paula, ocean\u00f3grafa f\u00edsica.<\/p>\n<h5 class=\"text-align-justify\">Protagonismo brasileiro<\/h5>\n<p class=\"text-align-justify\">Na primeira edi\u00e7\u00e3o da Confer\u00eancia das Na\u00e7\u00f5es Unidas para os Oceanos, realizada em 2017, o Brasil assumiu compromissos como a implementa\u00e7\u00e3o da Estrat\u00e9gia Nacional para a Conserva\u00e7\u00e3o de Esp\u00e9cies Amea\u00e7adas, do Programa Nacional para a Linha de Costa Brasileira e do Plano de Combate ao Lixo no Mar. O Pa\u00eds tamb\u00e9m se comprometeu com a cria\u00e7\u00e3o do Planejamento Espacial Marinho (PEM).<\/p>\n<p class=\"text-align-justify\">A MB tamb\u00e9m contribui para consolidar o Brasil como protagonista na agenda ambiental internacional. Entre os programas coordenados pela Institui\u00e7\u00e3o destaca-se o Planejamento Espacial Marinho (PEM), conduzido pela SECIRM em parceria com o Minist\u00e9rio do Meio Ambiente e Mudan\u00e7a do Clima (MMA). Trata-se de um instrumento p\u00fablico de gest\u00e3o que visa ao ordenamento do uso sustent\u00e1vel do oceano, com base em estudos t\u00e9cnicos integrados das diferentes regi\u00f5es marinhas.<\/p>\n<p class=\"text-align-justify\">Outros projetos tamb\u00e9m est\u00e3o sob responsabilidade da Marinha, como o Programa Arquip\u00e9lago de S\u00e3o Pedro e S\u00e3o Paulo (PROARQUIP\u00c9LAGO), que mant\u00e9m uma esta\u00e7\u00e3o cient\u00edfica equipada com laborat\u00f3rio, alojamento e gerador de energia, em apoio a pesquisas no local. A For\u00e7a tamb\u00e9m opera o sistema de observa\u00e7\u00e3o GOOS-BRASIL, respons\u00e1vel pela coleta e dissemina\u00e7\u00e3o de dados oceanogr\u00e1ficos e meteorol\u00f3gicos \u00e0 comunidade cient\u00edfica. Tais iniciativas demonstram o compromisso da For\u00e7a Naval com a preserva\u00e7\u00e3o do meio ambiente marinho, em benef\u00edcio das futuras gera\u00e7\u00f5es.<\/p>\n<p>Fonte: Ag\u00eancia Marinha de Not\u00edcias<\/p>\n","protected":false},"excerpt":{"rendered":"<p>A Marinha do Brasil (MB) integra a delega\u00e7\u00e3o brasileira que participa da 3\u00aa Confer\u00eancia das Na\u00e7\u00f5es Unidas para os Oceanos (UNOC3), que acontece a partir&#8230;<\/p>\n","protected":false},"author":1527,"featured_media":59555,"comment_status":"closed","ping_status":"closed","sticky":false,"template":"","format":"standard","meta":{"footnotes":""},"categories":[6],"tags":[],"class_list":["post-59553","post","type-post","status-publish","format-standard","has-post-thumbnail","hentry","category-noticias"],"_links":{"self":[{"href":"https:\/\/www.sincomam.org.br\/index.php\/wp-json\/wp\/v2\/posts\/59553","targetHints":{"allow":["GET"]}}],"collection":[{"href":"https:\/\/www.sincomam.org.br\/index.php\/wp-json\/wp\/v2\/posts"}],"about":[{"href":"https:\/\/www.sincomam.org.br\/index.php\/wp-json\/wp\/v2\/types\/post"}],"author":[{"embeddable":true,"href":"https:\/\/www.sincomam.org.br\/index.php\/wp-json\/wp\/v2\/users\/1527"}],"replies":[{"embeddable":true,"href":"https:\/\/www.sincomam.org.br\/index.php\/wp-json\/wp\/v2\/comments?post=59553"}],"version-history":[{"count":1,"href":"https:\/\/www.sincomam.org.br\/index.php\/wp-json\/wp\/v2\/posts\/59553\/revisions"}],"predecessor-version":[{"id":59556,"href":"https:\/\/www.sincomam.org.br\/index.php\/wp-json\/wp\/v2\/posts\/59553\/revisions\/59556"}],"wp:featuredmedia":[{"embeddable":true,"href":"https:\/\/www.sincomam.org.br\/index.php\/wp-json\/wp\/v2\/media\/59555"}],"wp:attachment":[{"href":"https:\/\/www.sincomam.org.br\/index.php\/wp-json\/wp\/v2\/media?parent=59553"}],"wp:term":[{"taxonomy":"category","embeddable":true,"href":"https:\/\/www.sincomam.org.br\/index.php\/wp-json\/wp\/v2\/categories?post=59553"},{"taxonomy":"post_tag","embeddable":true,"href":"https:\/\/www.sincomam.org.br\/index.php\/wp-json\/wp\/v2\/tags?post=59553"}],"curies":[{"name":"wp","href":"https:\/\/api.w.org\/{rel}","templated":true}]}}