{"id":59532,"date":"2025-06-09T11:54:48","date_gmt":"2025-06-09T14:54:48","guid":{"rendered":"https:\/\/www.sincomam.org.br\/?p=59532"},"modified":"2025-06-09T11:54:48","modified_gmt":"2025-06-09T14:54:48","slug":"supremo-volta-a-julgar-recurso-sobre-revisao-da-vida-toda","status":"publish","type":"post","link":"https:\/\/www.sincomam.org.br\/index.php\/supremo-volta-a-julgar-recurso-sobre-revisao-da-vida-toda\/","title":{"rendered":"Supremo volta a julgar recurso sobre revis\u00e3o da vida toda"},"content":{"rendered":"<p>O Supremo Tribunal Federal (STF) voltou a julgar nesta sexta-feira (6) mais um recurso envolvendo a revis\u00e3o da vida toda das aposentadorias do Instituto Nacional do Seguro Social (INSS).<img decoding=\"async\" src=\"https:\/\/agenciabrasil.ebc.com.br\/ebc.png?id=1645835&amp;o=node\" \/><img decoding=\"async\" src=\"https:\/\/agenciabrasil.ebc.com.br\/ebc.gif?id=1645835&amp;o=node\" \/><\/p>\n<p>Desta vez, a Corte analisa um recurso do INSS para aplicar o entendimento da Corte que vetou a revis\u00e3o dos benef\u00edcios aos processos que est\u00e3o em tramita\u00e7\u00e3o na Justi\u00e7a.<\/p>\n<p>Em mar\u00e7o do ano passado, o Supremo decidiu que os aposentados n\u00e3o t\u00eam direito de optar pela regra mais favor\u00e1vel para rec\u00e1lculo do benef\u00edcio.\u00a0A decis\u00e3o anulou outra delibera\u00e7\u00e3o da Corte favor\u00e1vel \u00e0 revis\u00e3o da vida toda.<\/p>\n<p>A reviravolta ocorreu porque os ministros julgaram duas a\u00e7\u00f5es de inconstitucionalidade contra a Lei dos Planos de Benef\u00edcios da Previd\u00eancia Social (Lei 8.213\/1991), e n\u00e3o o recurso extraordin\u00e1rio no qual os aposentados ganharam o direito \u00e0 revis\u00e3o.<\/p>\n<p>No voto proferido durante julgamento virtual, o ministro Alexandre de Moraes decidiu que, ap\u00f3s a decis\u00e3o do plen\u00e1rio contr\u00e1ria aos aposentados, deve ser aplicada a nova tese aos processos que aguardavam a decis\u00e3o final da Corte.<\/p>\n<p><strong>Durante a tramita\u00e7\u00e3o do caso no STF, Moraes foi a favor da revis\u00e3o da vida toda, mas ficou vencido na vota\u00e7\u00e3o.\u00a0<\/strong><\/p>\n<blockquote><p>&#8220;Verifica-se, portanto, uma supera\u00e7\u00e3o do entendimento que anteriormente prevalecia nesta Corte&#8221;, disse o ministro.<\/p><\/blockquote>\n<p>Al\u00e9m disso, Moraes reafirmou o entendimento do plen\u00e1rio que garantiu que os benefici\u00e1rios n\u00e3o ter\u00e3o que devolver valores que foram pagos por meio de decis\u00f5es definitivas e provis\u00f3rias assinadas at\u00e9 5 de abril de 2024, data na qual foi publicada a ata do julgamento que derrubou a tese de revis\u00e3o da vida toda.<\/p>\n<p>Al\u00e9m disso, os aposentados n\u00e3o ter\u00e3o que pagar honor\u00e1rios sucumbenciais, que s\u00e3o devidos aos advogados da parte que perde a causa.<\/p>\n<p>O julgamento prossegue no plen\u00e1rio virtual da Corte e ser\u00e1 finalizado na sexta-feira (13).<\/p>\n<p>Fonte: Ag\u00eancia Brasil<\/p>\n","protected":false},"excerpt":{"rendered":"<p>O Supremo Tribunal Federal (STF) voltou a julgar nesta sexta-feira (6) mais um recurso envolvendo a revis\u00e3o da vida toda das aposentadorias do Instituto Nacional&#8230;<\/p>\n","protected":false},"author":1527,"featured_media":59534,"comment_status":"closed","ping_status":"closed","sticky":false,"template":"","format":"standard","meta":{"footnotes":""},"categories":[6],"tags":[],"class_list":["post-59532","post","type-post","status-publish","format-standard","has-post-thumbnail","hentry","category-noticias"],"_links":{"self":[{"href":"https:\/\/www.sincomam.org.br\/index.php\/wp-json\/wp\/v2\/posts\/59532","targetHints":{"allow":["GET"]}}],"collection":[{"href":"https:\/\/www.sincomam.org.br\/index.php\/wp-json\/wp\/v2\/posts"}],"about":[{"href":"https:\/\/www.sincomam.org.br\/index.php\/wp-json\/wp\/v2\/types\/post"}],"author":[{"embeddable":true,"href":"https:\/\/www.sincomam.org.br\/index.php\/wp-json\/wp\/v2\/users\/1527"}],"replies":[{"embeddable":true,"href":"https:\/\/www.sincomam.org.br\/index.php\/wp-json\/wp\/v2\/comments?post=59532"}],"version-history":[{"count":1,"href":"https:\/\/www.sincomam.org.br\/index.php\/wp-json\/wp\/v2\/posts\/59532\/revisions"}],"predecessor-version":[{"id":59535,"href":"https:\/\/www.sincomam.org.br\/index.php\/wp-json\/wp\/v2\/posts\/59532\/revisions\/59535"}],"wp:featuredmedia":[{"embeddable":true,"href":"https:\/\/www.sincomam.org.br\/index.php\/wp-json\/wp\/v2\/media\/59534"}],"wp:attachment":[{"href":"https:\/\/www.sincomam.org.br\/index.php\/wp-json\/wp\/v2\/media?parent=59532"}],"wp:term":[{"taxonomy":"category","embeddable":true,"href":"https:\/\/www.sincomam.org.br\/index.php\/wp-json\/wp\/v2\/categories?post=59532"},{"taxonomy":"post_tag","embeddable":true,"href":"https:\/\/www.sincomam.org.br\/index.php\/wp-json\/wp\/v2\/tags?post=59532"}],"curies":[{"name":"wp","href":"https:\/\/api.w.org\/{rel}","templated":true}]}}