{"id":59528,"date":"2025-06-09T11:48:24","date_gmt":"2025-06-09T14:48:24","guid":{"rendered":"https:\/\/www.sincomam.org.br\/?p=59528"},"modified":"2025-06-09T11:48:24","modified_gmt":"2025-06-09T14:48:24","slug":"dia-mundial-dos-oceanos-mentalidade-maritima-em-foco","status":"publish","type":"post","link":"https:\/\/www.sincomam.org.br\/index.php\/dia-mundial-dos-oceanos-mentalidade-maritima-em-foco\/","title":{"rendered":"Dia Mundial dos Oceanos: Mentalidade mar\u00edtima em foco"},"content":{"rendered":"<p class=\"text-align-justify\">A import\u00e2ncia da Amaz\u00f4nia Azul \u00e9 inquestion\u00e1vel para o Brasil nos \u00e2mbitos social, econ\u00f4mico, ambiental e outros. Durante a Confer\u00eancia das Na\u00e7\u00f5es Unidas sobre o Meio Ambiente e Desenvolvimento, realizada em 1992, no Rio de Janeiro, foi institu\u00eddo o dia 8 de junho como o Dia Mundial dos Oceanos.<\/p>\n<p class=\"text-align-justify\">Cada vez mais, a sociedade brasileira conscientiza-se sobre a import\u00e2ncia do mar, e datas como esta s\u00e3o oportunidades para fortalecer a mentalidade mar\u00edtima da popula\u00e7\u00e3o. Cerca de 80% dos brasileiros vive a menos de 200 quil\u00f4metros do litoral, onde tamb\u00e9m se concentram 93% da produ\u00e7\u00e3o industrial e 85% do consumo de energia. Aproximadamente 95% do com\u00e9rcio exterior ocorre por via mar\u00edtima. Do mar, extraem-se energia e alimentos: 90% do petr\u00f3leo \u00e9 produzido em \u00e1reas mar\u00edtimas, e a produ\u00e7\u00e3o nacional de pescado gira em torno de um milh\u00e3o de toneladas por ano.<\/p>\n<figure class=\"bg-light p-3 p-md-5 my-3 rounded\">\n<blockquote class=\"blockquote\"><p>\u201cNo Dia Mundial dos Oceanos, \u00e9 fundamental reconhecer que eles s\u00e3o fonte inestim\u00e1vel de vida, equil\u00edbrio clim\u00e1tico e desenvolvimento econ\u00f4mico para o Brasil. A riqueza mar\u00edtima brasileira \u00e9 um patrim\u00f4nio de todos e merece cuidado, respeito e uso consciente. Cada pessoa pode e deve ser um defensor do mar, valorizando o conhecimento cient\u00edfico, apoiando pr\u00e1ticas sustent\u00e1veis e difundindo a cultura oce\u00e2nica. Somente com engajamento coletivo ser\u00e1 poss\u00edvel garantir que o mar continue sendo fonte de riqueza e prosperidade para as gera\u00e7\u00f5es futuras\u201d, analisa o Coordenador Executivo do Centro de Excel\u00eancia para o Mar Brasileiro (Cembra), Almirante de Esquadra (da reserva) Julio Soares de Moura Neto.<\/p><\/blockquote>\n<\/figure>\n<h5 class=\"text-align-justify\">Difus\u00e3o da mentalidade mar\u00edtima<\/h5>\n<p class=\"text-align-justify\">Como organiza\u00e7\u00e3o respons\u00e1vel por estimular, propor, coordenar e conduzir a\u00e7\u00f5es e projetos voltados ao estudo e ao aproveitamento da Amaz\u00f4nia Azul, o Cembra desenvolve uma s\u00e9rie de iniciativas destinadas \u00e0 difus\u00e3o da mentalidade mar\u00edtima. Entre elas est\u00e1 a publica\u00e7\u00e3o do livro \u201cO Brasil e o Mar no S\u00e9culo XXI\u201d, que oferece subs\u00eddios para o uso sustent\u00e1vel do mar brasileiro, disseminando conhecimento cient\u00edfico e estrat\u00e9gico. A obra, atualmente em sua terceira edi\u00e7\u00e3o, est\u00e1 dispon\u00edvel para consulta p\u00fablica no <a href=\"https:\/\/cembra.org.br\/publicacao\/brasil_e_o_mar_no_seculo_xxi\/mobile\/index.html\" target=\"_blank\" rel=\"noopener\">site do Cembra<\/a>.<\/p>\n<p class=\"text-align-justify\">Para alcan\u00e7ar tamb\u00e9m o p\u00fablico jovem, o Cembra realiza concursos de reda\u00e7\u00e3o voltados a alunos do Ensino Fundamental, M\u00e9dio e Superior. Essas iniciativas promovem o debate e despertam o interesse dos estudantes sobre o oceano e a cultura mar\u00edtima. Tamb\u00e9m s\u00e3o promovidas palestras em universidades, organiza\u00e7\u00f5es militares e semin\u00e1rios, al\u00e9m de podcasts e transmiss\u00f5es on-line, que alcan\u00e7am ampla audi\u00eancia. A reformula\u00e7\u00e3o do site e do Informativo Cembra, que atualmente chega a mais de 8 mil destinat\u00e1rios, contribui para ampliar a divulga\u00e7\u00e3o e incorporar a tem\u00e1tica mar\u00edtima ao cotidiano da sociedade, conforme destaca o Almirante de Esquadra Moura Neto.<\/p>\n<p class=\"text-align-justify\">Al\u00e9m das iniciativas destinadas ao p\u00fablico em geral, o Almirante Moura Neto ressalta a import\u00e2ncia de projetos voltados \u00e0 pesquisa e ao desenvolvimento cient\u00edfico. Entre eles est\u00e1 o Programa Fundo Oce\u00e2nico da Amaz\u00f4nia Azul (PROFOCAZ), que apoia a\u00e7\u00f5es estruturantes para a explora\u00e7\u00e3o sustent\u00e1vel da regi\u00e3o mar\u00edtima brasileira. Por meio do programa, o Cembra, em parceria com a MB, busca ampliar o conhecimento sobre a geomorfologia do fundo oce\u00e2nico da Amaz\u00f4nia Azul, \u00e1rea de estudo dedicada \u00e0 an\u00e1lise dos diferentes tipos de relevo submarino.<\/p>\n<p class=\"text-align-justify\">Tamb\u00e9m se destaca o Projeto Estruturante na \u00e1rea de Submers\u00edveis para o Brasil, voltado ao desenvolvimento e \u00e0 utiliza\u00e7\u00e3o de ve\u00edculos submers\u00edveis com tecnologia nacional, inclusive os tripulados, para a explora\u00e7\u00e3o do mar profundo. O objetivo principal \u00e9 elaborar uma proposta de Plano Nacional para o Mar Profundo, com vistas \u00e0 explora\u00e7\u00e3o sustent\u00e1vel dessa nova fronteira. A iniciativa busca promover avan\u00e7os tecnol\u00f3gicos e alcan\u00e7ar a independ\u00eancia tecnol\u00f3gica e industrial do Pa\u00eds nesse setor estrat\u00e9gico.<\/p>\n<p class=\"text-align-justify\">Iniciativas como essas desempenham papel essencial na explora\u00e7\u00e3o respons\u00e1vel dos recursos, garantindo que o progresso ocorra em conformidade com as melhores pr\u00e1ticas ambientais. \u201cPara mostrar \u00e0 sociedade a import\u00e2ncia do mar, \u00e9 necess\u00e1rio apresentar, de forma realista e racional, os benef\u00edcios que ele pode trazer para a qualidade de vida da popula\u00e7\u00e3o. O uso do mar deve ser sustent\u00e1vel porque, uma vez esgotado o recurso, ele deixa de ter relev\u00e2ncia para sua obten\u00e7\u00e3o. Deve ser racional porque, caso contr\u00e1rio, dificilmente ser\u00e1 sustent\u00e1vel. Conciliar o uso sustent\u00e1vel dos oceanos com a necessidade de estud\u00e1-los requer uma abordagem equilibrada, baseada em pesquisa cient\u00edfica rigorosa e cont\u00ednua, que fundamente o conhecimento dos ecossistemas marinhos e os impactos das atividades humanas\u201d, afirma o Almirante de Esquadra Moura Neto.<\/p>\n<h5 class=\"text-align-justify\">De olho no futuro<\/h5>\n<p class=\"text-align-justify\">Para al\u00e9m do dia 8 de junho, \u00e9 preciso que a mentalidade mar\u00edtima e os assuntos relacionados ao mar estejam em pauta durante todo o ano. Com esse prop\u00f3sito, o Cembra desenvolve e promove projetos de interesse de toda a sociedade. No 13\u00ba epis\u00f3dio do PodMar, o primeiro podcast do Brasil voltado exclusivamente ao mar brasileiro, o professor doutor Carlos Levi, da Universidade Federal do Rio de Janeiro, analisou o uso da energia e\u00f3lica em \u00e1reas mar\u00edtimas, tema crucial para o futuro energ\u00e9tico do Pa\u00eds e que ganhou novo impulso com a promulga\u00e7\u00e3o da Lei n\u00ba 15.097, de 2025. O epis\u00f3dio est\u00e1 dispon\u00edvel <a href=\"https:\/\/www.cembra.org.br\/pt-br\/podcast\" target=\"_blank\" rel=\"noopener\">aqui<\/a>.<\/p>\n<p class=\"text-align-justify\">Outra a\u00e7\u00e3o que merece destaque est\u00e1 prevista para o pr\u00f3ximo m\u00eas de julho: o lan\u00e7amento do terceiro Concurso de Reda\u00e7\u00e3o do Cembra. O tema escolhido para este ano foi \u201cA Cultura Oce\u00e2nica\u201d, ampliando o foco para os valores, as tradi\u00e7\u00f5es e a rela\u00e7\u00e3o da sociedade com o mar, promovendo uma vis\u00e3o integrada do oceano como parte da identidade nacional. \u201cA cultura oce\u00e2nica constitui fator de for\u00e7a para consolidar a mentalidade mar\u00edtima em nosso Pa\u00eds. As edi\u00e7\u00f5es anteriores abordaram a vis\u00e3o do oceano sustent\u00e1vel e o trabalho realizado no Levantamento da Plataforma Continental Brasileira (LEPLAC)\u201d, relembra o Almirante Moura Neto.<\/p>\n<p class=\"text-align-justify\">O concurso ser\u00e1 destinado a estudantes do Ensino Fundamental (do 6\u00ba ao 9\u00ba ano), do Ensino M\u00e9dio e do Ensino Superior. As inscri\u00e7\u00f5es dever\u00e3o ser realizadas conforme o edital, que ser\u00e1 publicado no site do Cembra, <a href=\"https:\/\/www.cembra.org.br\/index.php\/pt-br\/concursos-cembra\" target=\"_blank\" rel=\"noopener\">na aba \u201cConcursos<\/a>\u201d, ao longo do m\u00eas de julho.<\/p>\n<p>Fonte: Ag\u00eancia Marinha de Not\u00edcias<\/p>\n","protected":false},"excerpt":{"rendered":"<p>A import\u00e2ncia da Amaz\u00f4nia Azul \u00e9 inquestion\u00e1vel para o Brasil nos \u00e2mbitos social, econ\u00f4mico, ambiental e outros. Durante a Confer\u00eancia das Na\u00e7\u00f5es Unidas sobre o&#8230;<\/p>\n","protected":false},"author":1527,"featured_media":59530,"comment_status":"closed","ping_status":"closed","sticky":false,"template":"","format":"standard","meta":{"footnotes":""},"categories":[6],"tags":[],"class_list":["post-59528","post","type-post","status-publish","format-standard","has-post-thumbnail","hentry","category-noticias"],"_links":{"self":[{"href":"https:\/\/www.sincomam.org.br\/index.php\/wp-json\/wp\/v2\/posts\/59528","targetHints":{"allow":["GET"]}}],"collection":[{"href":"https:\/\/www.sincomam.org.br\/index.php\/wp-json\/wp\/v2\/posts"}],"about":[{"href":"https:\/\/www.sincomam.org.br\/index.php\/wp-json\/wp\/v2\/types\/post"}],"author":[{"embeddable":true,"href":"https:\/\/www.sincomam.org.br\/index.php\/wp-json\/wp\/v2\/users\/1527"}],"replies":[{"embeddable":true,"href":"https:\/\/www.sincomam.org.br\/index.php\/wp-json\/wp\/v2\/comments?post=59528"}],"version-history":[{"count":1,"href":"https:\/\/www.sincomam.org.br\/index.php\/wp-json\/wp\/v2\/posts\/59528\/revisions"}],"predecessor-version":[{"id":59531,"href":"https:\/\/www.sincomam.org.br\/index.php\/wp-json\/wp\/v2\/posts\/59528\/revisions\/59531"}],"wp:featuredmedia":[{"embeddable":true,"href":"https:\/\/www.sincomam.org.br\/index.php\/wp-json\/wp\/v2\/media\/59530"}],"wp:attachment":[{"href":"https:\/\/www.sincomam.org.br\/index.php\/wp-json\/wp\/v2\/media?parent=59528"}],"wp:term":[{"taxonomy":"category","embeddable":true,"href":"https:\/\/www.sincomam.org.br\/index.php\/wp-json\/wp\/v2\/categories?post=59528"},{"taxonomy":"post_tag","embeddable":true,"href":"https:\/\/www.sincomam.org.br\/index.php\/wp-json\/wp\/v2\/tags?post=59528"}],"curies":[{"name":"wp","href":"https:\/\/api.w.org\/{rel}","templated":true}]}}