{"id":59502,"date":"2025-06-06T14:05:18","date_gmt":"2025-06-06T17:05:18","guid":{"rendered":"https:\/\/www.sincomam.org.br\/?p=59502"},"modified":"2025-06-06T14:05:18","modified_gmt":"2025-06-06T17:05:18","slug":"marinha-do-brasil-inicia-construcao-da-terceira-fragata-nacional","status":"publish","type":"post","link":"https:\/\/www.sincomam.org.br\/index.php\/marinha-do-brasil-inicia-construcao-da-terceira-fragata-nacional\/","title":{"rendered":"Marinha do Brasil inicia constru\u00e7\u00e3o da terceira fragata nacional"},"content":{"rendered":"<p>A\u00a0Marinha do Brasil, em parceria com a\u00a0EMGEPRON\u00a0e a\u00a0Sociedade de Prop\u00f3sito Espec\u00edfico \u00c1guas Azuis, realizou o batimento de quilha da\u00a0Fragata Cunha Moreira (F202), a terceira embarca\u00e7\u00e3o do\u00a0Programa Fragatas Classe Tamandar\u00e9 (PFCT). A cerim\u00f4nia foi realizada nesta quinta-feira (5), no Estaleiro Brasil Sul, em Itaja\u00ed (SC), consolidando a continuidade do maior projeto naval da atualidade no Brasil. A fragata homenageia Lu\u00eds da Cunha Moreira, o Visconde de Cabo Frio, militar hist\u00f3rico e primeiro brasileiro nato a comandar o Minist\u00e9rio da Marinha. Este marco representa um avan\u00e7o tecnol\u00f3gico e simb\u00f3lico na consolida\u00e7\u00e3o da soberania mar\u00edtima nacional.<\/p>\n<h3>Tecnologia embarcada: o futuro digital da defesa naval brasileira<\/h3>\n<p>A\u00a0Fragata Cunha Moreira\u00a0est\u00e1 sendo constru\u00edda com a plataforma MEKO, da TKMS, usada por mais de 80 navios em 16 pa\u00edses. Seu diferencial est\u00e1 na incorpora\u00e7\u00e3o de sistemas de ponta como o Sistema de Gerenciamento de Combate (CMS), desenvolvido em conjunto pela brasileira Atech e a alem\u00e3 Atlas Elektronik, e o Sistema Integrado de Gest\u00e3o da Plataforma (IPMS), que oferece controle remoto e manuten\u00e7\u00e3o preditiva da embarca\u00e7\u00e3o.<\/p>\n<p>O estaleiro utiliza um processo totalmente digital: g\u00eameos digitais, realidade aumentada para valida\u00e7\u00e3o remota, rastreabilidade em tempo real e montagem paperless tornam a unidade o primeiro estaleiro digital da Am\u00e9rica do Sul. Essa infraestrutura reduz erros de constru\u00e7\u00e3o, acelera os ciclos produtivos e minimiza impactos ambientais. Tudo \u00e9 monitorado por sensores, totens e tablets, promovendo a integra\u00e7\u00e3o inteligente de dados desde a concep\u00e7\u00e3o at\u00e9 a entrega da embarca\u00e7\u00e3o.<\/p>\n<h3>Ind\u00fastria de defesa como motor de emprego e inova\u00e7\u00e3o nacional<\/h3>\n<p>O Programa Fragatas Classe Tamandar\u00e9 \u00e9 tamb\u00e9m um motor econ\u00f4mico. Segundo a SPE \u00c1guas Azuis, est\u00e3o sendo gerados 23 mil empregos diretos, indiretos e induzidos, com participa\u00e7\u00e3o de mais de mil fornecedores em todo o pa\u00eds. A iniciativa beneficia micro, pequenas e m\u00e9dias empresas de diversos setores \u2014 da eletr\u00f4nica \u00e0 metalurgia, passando por tecnologia da informa\u00e7\u00e3o e log\u00edstica naval.<\/p>\n<p>Al\u00e9m disso, o projeto tem como base a transfer\u00eancia de tecnologia, garantindo que o conhecimento estrat\u00e9gico permane\u00e7a no\u00a0Brasil\u00a0e contribua para a forma\u00e7\u00e3o de m\u00e3o de obra especializada. Com isso, o pa\u00eds amplia sua Base Industrial de Defesa (BID), estimulando inova\u00e7\u00e3o tecnol\u00f3gica cont\u00ednua e criando um ambiente prop\u00edcio \u00e0 expans\u00e3o da economia de defesa.<\/p>\n<h3>Soberania, Amaz\u00f4nia Azul e proje\u00e7\u00e3o internacional<\/h3>\n<p>Com mais de 5,7 milh\u00f5es de km\u00b2 de territ\u00f3rio mar\u00edtimo, o Brasil encontra nas novas fragatas uma ferramenta fundamental para a preserva\u00e7\u00e3o da\u00a0Amaz\u00f4nia Azul. As embarca\u00e7\u00f5es servir\u00e3o \u00e0 prote\u00e7\u00e3o de ilhas oce\u00e2nicas, infraestruturas cr\u00edticas, linhas de comunica\u00e7\u00e3o mar\u00edtimas e \u00e0 atua\u00e7\u00e3o em opera\u00e7\u00f5es internacionais, fortalecendo a diplomacia naval brasileira.<\/p>\n<p>As fragatas permitir\u00e3o maior proje\u00e7\u00e3o do poder naval brasileiro em a\u00e7\u00f5es de patrulhamento, controle de \u00e1rea mar\u00edtima e coopera\u00e7\u00e3o internacional, consolidando o pa\u00eds como protagonista regional em seguran\u00e7a mar\u00edtima. A entrega da primeira embarca\u00e7\u00e3o (F200) est\u00e1 prevista para 2025, com as demais sendo lan\u00e7adas at\u00e9 2029, sob o guarda-chuva do Novo Programa de Acelera\u00e7\u00e3o do Crescimento (Novo PAC).<\/p>\n<p>Fonte: Defesa em Foco<\/p>\n","protected":false},"excerpt":{"rendered":"<p>A\u00a0Marinha do Brasil, em parceria com a\u00a0EMGEPRON\u00a0e a\u00a0Sociedade de Prop\u00f3sito Espec\u00edfico \u00c1guas Azuis, realizou o batimento de quilha da\u00a0Fragata Cunha Moreira (F202), a terceira embarca\u00e7\u00e3o&#8230;<\/p>\n","protected":false},"author":1527,"featured_media":59504,"comment_status":"closed","ping_status":"closed","sticky":false,"template":"","format":"standard","meta":{"footnotes":""},"categories":[6],"tags":[],"class_list":["post-59502","post","type-post","status-publish","format-standard","has-post-thumbnail","hentry","category-noticias"],"_links":{"self":[{"href":"https:\/\/www.sincomam.org.br\/index.php\/wp-json\/wp\/v2\/posts\/59502","targetHints":{"allow":["GET"]}}],"collection":[{"href":"https:\/\/www.sincomam.org.br\/index.php\/wp-json\/wp\/v2\/posts"}],"about":[{"href":"https:\/\/www.sincomam.org.br\/index.php\/wp-json\/wp\/v2\/types\/post"}],"author":[{"embeddable":true,"href":"https:\/\/www.sincomam.org.br\/index.php\/wp-json\/wp\/v2\/users\/1527"}],"replies":[{"embeddable":true,"href":"https:\/\/www.sincomam.org.br\/index.php\/wp-json\/wp\/v2\/comments?post=59502"}],"version-history":[{"count":1,"href":"https:\/\/www.sincomam.org.br\/index.php\/wp-json\/wp\/v2\/posts\/59502\/revisions"}],"predecessor-version":[{"id":59505,"href":"https:\/\/www.sincomam.org.br\/index.php\/wp-json\/wp\/v2\/posts\/59502\/revisions\/59505"}],"wp:featuredmedia":[{"embeddable":true,"href":"https:\/\/www.sincomam.org.br\/index.php\/wp-json\/wp\/v2\/media\/59504"}],"wp:attachment":[{"href":"https:\/\/www.sincomam.org.br\/index.php\/wp-json\/wp\/v2\/media?parent=59502"}],"wp:term":[{"taxonomy":"category","embeddable":true,"href":"https:\/\/www.sincomam.org.br\/index.php\/wp-json\/wp\/v2\/categories?post=59502"},{"taxonomy":"post_tag","embeddable":true,"href":"https:\/\/www.sincomam.org.br\/index.php\/wp-json\/wp\/v2\/tags?post=59502"}],"curies":[{"name":"wp","href":"https:\/\/api.w.org\/{rel}","templated":true}]}}