{"id":59495,"date":"2025-06-06T12:01:35","date_gmt":"2025-06-06T15:01:35","guid":{"rendered":"https:\/\/www.sincomam.org.br\/?p=59495"},"modified":"2025-06-06T12:01:35","modified_gmt":"2025-06-06T15:01:35","slug":"rio-de-janeiro-sedia-evento-que-conecta-tecnologia-mar-e-sustentabilidade","status":"publish","type":"post","link":"https:\/\/www.sincomam.org.br\/index.php\/rio-de-janeiro-sedia-evento-que-conecta-tecnologia-mar-e-sustentabilidade\/","title":{"rendered":"Rio de Janeiro sedia evento que conecta tecnologia, mar e sustentabilidade"},"content":{"rendered":"<p data-start=\"343\" data-end=\"944\">Entre os dias 4 e 8 de junho, ocorre Rio de Janeiro o\u00a0Blue Tech &amp; Business Summit 2025, maior encontro nacional dedicado \u00e0\u00a0Economia Azul\u00a0e \u00e0 inova\u00e7\u00e3o tecnol\u00f3gica aplicada ao mar. Com apoio de institui\u00e7\u00f5es como a\u00a0FIRJAN, o\u00a0Cluster Tecnol\u00f3gico Naval\u00a0e o\u00a0FITS (F\u00f3rum Global de Inova\u00e7\u00e3o e Tecnologia em Sustentabilidade), o evento refor\u00e7a a import\u00e2ncia de um modelo de desenvolvimento sustent\u00e1vel, integrado e colaborativo. O grande destaque \u00e9 o fortalecimento da articula\u00e7\u00e3o entre atores p\u00fablicos, privados e acad\u00eamicos em prol de um\u00a0futuro mar\u00edtimo mais inteligente e verde.<\/p>\n<h3 data-start=\"951\" data-end=\"997\"><strong data-start=\"955\" data-end=\"997\">Tecnologia e inova\u00e7\u00e3o a servi\u00e7o do mar<\/strong><\/h3>\n<p data-start=\"999\" data-end=\"1515\">Durante os cinco dias de evento, pain\u00e9is, oficinas e rodadas de neg\u00f3cios abordar\u00e3o as mais recentes\u00a0tecnologias aplicadas ao mar\u00a0\u2014 incluindo solu\u00e7\u00f5es em\u00a0energia oce\u00e2nica, biotecnologia marinha, rob\u00f3tica subaqu\u00e1tica, constru\u00e7\u00e3o naval sustent\u00e1vel e monitoramento ambiental por sat\u00e9lites. Os dados apresentados por especialistas demonstram que a\u00a0Economia Azul\u00a0\u00e9 capaz de responder por at\u00e9 20% da nova matriz econ\u00f4mica do pa\u00eds, com potencial de gera\u00e7\u00e3o de empregos verdes e exporta\u00e7\u00e3o de tecnologia nacional.<\/p>\n<p data-start=\"1517\" data-end=\"1890\">Empresas do setor naval, portu\u00e1rio e ambiental, startups de base tecnol\u00f3gica e representantes do setor energ\u00e9tico apresentaram cases de sucesso e propostas concretas para ampliar o uso racional e inovador do espa\u00e7o mar\u00edtimo. As discuss\u00f5es tamb\u00e9m tocaram em temas sens\u00edveis como\u00a0preserva\u00e7\u00e3o da biodiversidade marinha, descarboniza\u00e7\u00e3o da frota naval e seguran\u00e7a mar\u00edtima.<\/p>\n<h3 data-start=\"1897\" data-end=\"1971\"><strong data-start=\"1901\" data-end=\"1971\">Alian\u00e7as que transformam: empresas, governo e universidades unidos<\/strong><\/h3>\n<p data-start=\"1973\" data-end=\"2461\">Um dos pilares do sucesso do BTB Summit \u00e9 a\u00a0integra\u00e7\u00e3o de saberes e compet\u00eancias\u00a0entre setores. A\u00a0Marinha do Brasil, com participa\u00e7\u00e3o ativa no evento, refor\u00e7ou sua posi\u00e7\u00e3o como guardi\u00e3 da\u00a0Amaz\u00f4nia Azul, ao passo que universidades e institutos de pesquisa apresentaram solu\u00e7\u00f5es aplicadas \u00e0s necessidades do setor mar\u00edtimo. Representantes da\u00a0FIRJAN\u00a0e do setor industrial tamb\u00e9m contribu\u00edram com diagn\u00f3sticos e perspectivas para ampliar investimentos e gerar empregos qualificados.<\/p>\n<p data-start=\"2463\" data-end=\"2820\">A\u00a0forma\u00e7\u00e3o de capital humano para a Economia Azul\u00a0foi debatida em diversos f\u00f3runs, com destaque para a necessidade de capacita\u00e7\u00e3o t\u00e9cnica em \u00e1reas como log\u00edstica portu\u00e1ria, direito mar\u00edtimo, economia do mar e engenharia naval. Essa sinergia entre os setores \u00e9 vista como essencial para a consolida\u00e7\u00e3o de um ecossistema de inova\u00e7\u00e3o robusto e sustent\u00e1vel.<\/p>\n<h3 data-start=\"2827\" data-end=\"2876\"><strong data-start=\"2831\" data-end=\"2876\">Brasil: lideran\u00e7a azul com voca\u00e7\u00e3o global<\/strong><\/h3>\n<p data-start=\"2878\" data-end=\"3216\">O BTB Summit 2025 demonstra que o Brasil tem as condi\u00e7\u00f5es naturais, humanas e tecnol\u00f3gicas para se tornar uma\u00a0pot\u00eancia mar\u00edtima sustent\u00e1vel. Com mais de 8 mil km de costa e um territ\u00f3rio mar\u00edtimo de mais de 5 milh\u00f5es de km\u00b2, a chamada\u00a0Amaz\u00f4nia Azul, o pa\u00eds re\u00fane riquezas estrat\u00e9gicas e desafios que exigem pol\u00edticas coordenadas.<\/p>\n<p data-start=\"3218\" data-end=\"3639\">Neste contexto, a\u00a0Economia Azul\u00a0deixa de ser apenas um conceito e se consolida como uma\u00a0agenda estrat\u00e9gica nacional. A mensagem deixada pelo evento \u00e9 clara:\u00a0\u00e9 preciso planejar o mar como vetor de futuro, com a\u00e7\u00f5es integradas entre ci\u00eancia, inova\u00e7\u00e3o, ind\u00fastria e defesa. Como refor\u00e7ou o Cluster Tecnol\u00f3gico Naval em sua fala de encerramento: \u201cA felicidade azul \u00e9 coletiva. O futuro do mar se constr\u00f3i em rede.\u201d<\/p>\n<p data-start=\"3218\" data-end=\"3639\">Fonte:\u00a0 Defesa em Foco<\/p>\n","protected":false},"excerpt":{"rendered":"<p>Entre os dias 4 e 8 de junho, ocorre Rio de Janeiro o\u00a0Blue Tech &amp; Business Summit 2025, maior encontro nacional dedicado \u00e0\u00a0Economia Azul\u00a0e \u00e0&#8230;<\/p>\n","protected":false},"author":1527,"featured_media":59498,"comment_status":"closed","ping_status":"closed","sticky":false,"template":"","format":"standard","meta":{"footnotes":""},"categories":[6],"tags":[],"class_list":["post-59495","post","type-post","status-publish","format-standard","has-post-thumbnail","hentry","category-noticias"],"_links":{"self":[{"href":"https:\/\/www.sincomam.org.br\/index.php\/wp-json\/wp\/v2\/posts\/59495","targetHints":{"allow":["GET"]}}],"collection":[{"href":"https:\/\/www.sincomam.org.br\/index.php\/wp-json\/wp\/v2\/posts"}],"about":[{"href":"https:\/\/www.sincomam.org.br\/index.php\/wp-json\/wp\/v2\/types\/post"}],"author":[{"embeddable":true,"href":"https:\/\/www.sincomam.org.br\/index.php\/wp-json\/wp\/v2\/users\/1527"}],"replies":[{"embeddable":true,"href":"https:\/\/www.sincomam.org.br\/index.php\/wp-json\/wp\/v2\/comments?post=59495"}],"version-history":[{"count":1,"href":"https:\/\/www.sincomam.org.br\/index.php\/wp-json\/wp\/v2\/posts\/59495\/revisions"}],"predecessor-version":[{"id":59499,"href":"https:\/\/www.sincomam.org.br\/index.php\/wp-json\/wp\/v2\/posts\/59495\/revisions\/59499"}],"wp:featuredmedia":[{"embeddable":true,"href":"https:\/\/www.sincomam.org.br\/index.php\/wp-json\/wp\/v2\/media\/59498"}],"wp:attachment":[{"href":"https:\/\/www.sincomam.org.br\/index.php\/wp-json\/wp\/v2\/media?parent=59495"}],"wp:term":[{"taxonomy":"category","embeddable":true,"href":"https:\/\/www.sincomam.org.br\/index.php\/wp-json\/wp\/v2\/categories?post=59495"},{"taxonomy":"post_tag","embeddable":true,"href":"https:\/\/www.sincomam.org.br\/index.php\/wp-json\/wp\/v2\/tags?post=59495"}],"curies":[{"name":"wp","href":"https:\/\/api.w.org\/{rel}","templated":true}]}}