{"id":5946,"date":"2014-06-09T08:00:13","date_gmt":"2014-06-09T11:00:13","guid":{"rendered":"http:\/\/www.sincomam.org.br\/?p=5946"},"modified":"2014-06-06T23:02:58","modified_gmt":"2014-06-07T02:02:58","slug":"contra-politica-economica-e-gastos-da-copa-forca-sindical-fecha-paulista","status":"publish","type":"post","link":"https:\/\/www.sincomam.org.br\/index.php\/contra-politica-economica-e-gastos-da-copa-forca-sindical-fecha-paulista\/","title":{"rendered":"Contra pol\u00edtica econ\u00f4mica e gastos da Copa, For\u00e7a Sindical fecha Paulista"},"content":{"rendered":"<p>Cerca de 2.000 mil pessoas, segundo estimativas da Pol\u00edcia Militar, bloqueavam totalmente a avenida Paulista na tarde desta sexta-feira (6). O ato \u00e9 organizado pela For\u00e7a Sindical e se concentra perto do pr\u00e9dio do Banco Central. Segundo os trabalhadores, o protesto \u00e9 principalmente contra a pol\u00edtica econ\u00f4mica do governo federal e os gastos da Copa do Mundo. \u00c0s 12h05 havia 1,6 km de congestionamento tanto no sentido Consola\u00e7\u00e3o quanto na dire\u00e7\u00e3o do Para\u00edso. O protesto ainda reflete em vias como a Doutor Arnaldo, Bernardino de Campos, Vergueiro e No\u00e9 de Azevedo. Vias paralelas \u00e0 Paulista tamb\u00e9m t\u00eam tr\u00e2nsito complicado nesta tarde.<\/p>\n<p>No total a cidade apresentava 166 km de ruas e avenidas congestionadas. O tr\u00e2nsito em S\u00e3o Paulo come\u00e7ou a melhorar no final da manh\u00e3 ap\u00f3s ter batido recorde hist\u00f3rico \u00e0s 10h30. Apesar da relativa melhora no tr\u00e2nsito na capital, h\u00e1 a possibilidade do \u00edndice de congestionamento voltar a subir no per\u00edodo da tarde. \u00c0s 13h, est\u00e1 programado um ato simb\u00f3lico de sem-teto em apoio a greve dos metrovi\u00e1rios nesta sexta-feira no centro de S\u00e3o Paulo. Organizado pelo MTST (Movimento dos Trabalhadores Sem-Teto), a marcha que se concentrar\u00e1 em frente ao Largo S\u00e3o Francisco e ainda apoiar\u00e1 as greves dos professores universit\u00e1rios. O an\u00fancio do ato acontece ap\u00f3s o movimento suspender uma outra manifesta\u00e7\u00e3o programada para acontecer nesta sexta-feira durante o amistoso entre Brasil e S\u00e9rvia, no Est\u00e1dio do Morumbi.<\/p>\n<p>Fonte: Bem Paran\u00e1 \/ Estad\u00e3o<\/p>\n","protected":false},"excerpt":{"rendered":"<p>Cerca de 2.000 mil pessoas, segundo estimativas da Pol\u00edcia Militar, bloqueavam totalmente a avenida Paulista na tarde desta sexta-feira (6). O ato \u00e9 organizado pela&#8230;<\/p>\n","protected":false},"author":1182,"featured_media":5947,"comment_status":"closed","ping_status":"closed","sticky":false,"template":"","format":"standard","meta":{"footnotes":""},"categories":[6],"tags":[],"class_list":["post-5946","post","type-post","status-publish","format-standard","has-post-thumbnail","hentry","category-noticias"],"_links":{"self":[{"href":"https:\/\/www.sincomam.org.br\/index.php\/wp-json\/wp\/v2\/posts\/5946","targetHints":{"allow":["GET"]}}],"collection":[{"href":"https:\/\/www.sincomam.org.br\/index.php\/wp-json\/wp\/v2\/posts"}],"about":[{"href":"https:\/\/www.sincomam.org.br\/index.php\/wp-json\/wp\/v2\/types\/post"}],"author":[{"embeddable":true,"href":"https:\/\/www.sincomam.org.br\/index.php\/wp-json\/wp\/v2\/users\/1182"}],"replies":[{"embeddable":true,"href":"https:\/\/www.sincomam.org.br\/index.php\/wp-json\/wp\/v2\/comments?post=5946"}],"version-history":[{"count":1,"href":"https:\/\/www.sincomam.org.br\/index.php\/wp-json\/wp\/v2\/posts\/5946\/revisions"}],"predecessor-version":[{"id":5948,"href":"https:\/\/www.sincomam.org.br\/index.php\/wp-json\/wp\/v2\/posts\/5946\/revisions\/5948"}],"wp:featuredmedia":[{"embeddable":true,"href":"https:\/\/www.sincomam.org.br\/index.php\/wp-json\/wp\/v2\/media\/5947"}],"wp:attachment":[{"href":"https:\/\/www.sincomam.org.br\/index.php\/wp-json\/wp\/v2\/media?parent=5946"}],"wp:term":[{"taxonomy":"category","embeddable":true,"href":"https:\/\/www.sincomam.org.br\/index.php\/wp-json\/wp\/v2\/categories?post=5946"},{"taxonomy":"post_tag","embeddable":true,"href":"https:\/\/www.sincomam.org.br\/index.php\/wp-json\/wp\/v2\/tags?post=5946"}],"curies":[{"name":"wp","href":"https:\/\/api.w.org\/{rel}","templated":true}]}}