{"id":59448,"date":"2025-06-05T13:51:39","date_gmt":"2025-06-05T16:51:39","guid":{"rendered":"https:\/\/www.sincomam.org.br\/?p=59448"},"modified":"2025-06-05T13:51:47","modified_gmt":"2025-06-05T16:51:47","slug":"nova-politica-maritima-nacional-fortalece-gestao-dos-recursos-oceanicos","status":"publish","type":"post","link":"https:\/\/www.sincomam.org.br\/index.php\/nova-politica-maritima-nacional-fortalece-gestao-dos-recursos-oceanicos\/","title":{"rendered":"Nova Pol\u00edtica Mar\u00edtima Nacional fortalece gest\u00e3o dos recursos oce\u00e2nicos"},"content":{"rendered":"<p class=\"text-align-justify\">Foi publicado no Di\u00e1rio Oficial da Uni\u00e3o, na \u00faltima ter\u00e7a-feira (3), o Decreto n\u00ba 12.481\/2025, que institui a nova Pol\u00edtica Mar\u00edtima Nacional (PMN). Resultado do Grupo de Trabalho Interministerial (GTI) criado em 2021 sob coordena\u00e7\u00e3o da Marinha do Brasil (MB), o documento marca um avan\u00e7o significativo na gest\u00e3o dos recursos marinhos, com a participa\u00e7\u00e3o de diversos setores, como meio ambiente, economia e transporte.<\/p>\n<p class=\"text-align-justify\">A nova PMN, que tem como um dos conceitos centrais a \u201cAmaz\u00f4nia Azul\u201d, surge em um momento estrat\u00e9gico, dada a necessidade de uma abordagem integrada para o uso sustent\u00e1vel dos recursos marinhos. O decreto define diretrizes claras para garantir a soberania nacional, promover o desenvolvimento econ\u00f4mico sustent\u00e1vel e conservar os ecossistemas marinhos e costeiros, al\u00e9m de impulsionar a pesquisa cient\u00edfica e tecnol\u00f3gica.<\/p>\n<p class=\"text-align-justify\">Sob a \u00f3tica econ\u00f4mica, a PMN estimula a competitividade do setor mar\u00edtimo, impulsiona a inova\u00e7\u00e3o e fortalece a ind\u00fastria naval nacional. No campo geopol\u00edtico, o documento refor\u00e7a a posi\u00e7\u00e3o do Brasil como ator mar\u00edtimo influente, especialmente no Atl\u00e2ntico Sul, contribuindo para a seguran\u00e7a e defesa dos interesses nacionais nas \u00e1guas sob sua jurisdi\u00e7\u00e3o.<\/p>\n<figure class=\"bg-light p-3 p-md-5 my-3 rounded\">\n<blockquote class=\"blockquote\"><p>\u201cA nova Pol\u00edtica Mar\u00edtima Nacional transforma esse patrim\u00f4nio que \u00e9 a Amaz\u00f4nia Azul em oportunidades concretas: empregos sustent\u00e1veis, inova\u00e7\u00e3o cient\u00edfica, seguran\u00e7a nacional e prote\u00e7\u00e3o ambiental. Nosso destino navega pelos mares brasileiros, conectando desenvolvimento e sustentabilidade para a presente e as futuras gera\u00e7\u00f5es\u201d, afirma o Chefe do Estado-Maior da Armada (CEMA), Almirante de Esquadra Arthur Fernando Bettega Corr\u00eaa.<\/p><\/blockquote>\n<\/figure>\n<p class=\"text-align-justify\">O Decreto n\u00ba 12.481\/2025 aborda a transversalidade das quest\u00f5es mar\u00edtimas no desenvolvimento do Brasil, abrangendo diversos setores da atividade humana. No turismo, promove a expans\u00e3o do turismo n\u00e1utico e das atividades recreativas relacionadas ao mar. Na sa\u00fade, visa melhorar o atendimento \u00e0s popula\u00e7\u00f5es costeiras e ribeirinhas. Na educa\u00e7\u00e3o, a pol\u00edtica aprovada estimula parcerias entre universidades e organiza\u00e7\u00f5es da sociedade civil para pesquisas relacionadas \u00e0 Economia Azul, fortalecendo o desenvolvimento cient\u00edfico e tecnol\u00f3gico nacional.<\/p>\n<p class=\"text-align-justify\">A Pol\u00edtica Mar\u00edtima Nacional promove a gest\u00e3o eficaz dos recursos mar\u00edtimos brasileiros, consolidando uma vis\u00e3o estrat\u00e9gica de longo prazo que integra desenvolvimento econ\u00f4mico, sustentabilidade ambiental, seguran\u00e7a nacional e inova\u00e7\u00e3o cient\u00edfica. Com a PMN, o Brasil se posiciona de maneira mais assertiva no cen\u00e1rio mar\u00edtimo internacional, aproveitando seu potencial oce\u00e2nico para impulsionar o desenvolvimento sustent\u00e1vel e garantir a prosperidade das futuras gera\u00e7\u00f5es.<\/p>\n<p>Fonte: Ag\u00eancia Marinha de Not\u00edcias<\/p>\n","protected":false},"excerpt":{"rendered":"<p>Foi publicado no Di\u00e1rio Oficial da Uni\u00e3o, na \u00faltima ter\u00e7a-feira (3), o Decreto n\u00ba 12.481\/2025, que institui a nova Pol\u00edtica Mar\u00edtima Nacional (PMN). Resultado do&#8230;<\/p>\n","protected":false},"author":1527,"featured_media":59450,"comment_status":"closed","ping_status":"closed","sticky":false,"template":"","format":"standard","meta":{"footnotes":""},"categories":[6],"tags":[],"class_list":["post-59448","post","type-post","status-publish","format-standard","has-post-thumbnail","hentry","category-noticias"],"_links":{"self":[{"href":"https:\/\/www.sincomam.org.br\/index.php\/wp-json\/wp\/v2\/posts\/59448","targetHints":{"allow":["GET"]}}],"collection":[{"href":"https:\/\/www.sincomam.org.br\/index.php\/wp-json\/wp\/v2\/posts"}],"about":[{"href":"https:\/\/www.sincomam.org.br\/index.php\/wp-json\/wp\/v2\/types\/post"}],"author":[{"embeddable":true,"href":"https:\/\/www.sincomam.org.br\/index.php\/wp-json\/wp\/v2\/users\/1527"}],"replies":[{"embeddable":true,"href":"https:\/\/www.sincomam.org.br\/index.php\/wp-json\/wp\/v2\/comments?post=59448"}],"version-history":[{"count":1,"href":"https:\/\/www.sincomam.org.br\/index.php\/wp-json\/wp\/v2\/posts\/59448\/revisions"}],"predecessor-version":[{"id":59451,"href":"https:\/\/www.sincomam.org.br\/index.php\/wp-json\/wp\/v2\/posts\/59448\/revisions\/59451"}],"wp:featuredmedia":[{"embeddable":true,"href":"https:\/\/www.sincomam.org.br\/index.php\/wp-json\/wp\/v2\/media\/59450"}],"wp:attachment":[{"href":"https:\/\/www.sincomam.org.br\/index.php\/wp-json\/wp\/v2\/media?parent=59448"}],"wp:term":[{"taxonomy":"category","embeddable":true,"href":"https:\/\/www.sincomam.org.br\/index.php\/wp-json\/wp\/v2\/categories?post=59448"},{"taxonomy":"post_tag","embeddable":true,"href":"https:\/\/www.sincomam.org.br\/index.php\/wp-json\/wp\/v2\/tags?post=59448"}],"curies":[{"name":"wp","href":"https:\/\/api.w.org\/{rel}","templated":true}]}}