{"id":59409,"date":"2025-06-04T11:19:24","date_gmt":"2025-06-04T14:19:24","guid":{"rendered":"https:\/\/www.sincomam.org.br\/?p=59409"},"modified":"2025-06-04T11:19:24","modified_gmt":"2025-06-04T14:19:24","slug":"aps-e-marinha-firmam-acordo-historico-para-implantacao-de-vtmis-na-ilha-da-moela","status":"publish","type":"post","link":"https:\/\/www.sincomam.org.br\/index.php\/aps-e-marinha-firmam-acordo-historico-para-implantacao-de-vtmis-na-ilha-da-moela\/","title":{"rendered":"APS e Marinha firmam acordo hist\u00f3rico para implanta\u00e7\u00e3o de VTMIS na Ilha da Moela"},"content":{"rendered":"<p>A Autoridade Portu\u00e1ria de Santos (APS) e a Marinha do Brasil formalizaram um Acordo de Coopera\u00e7\u00e3o T\u00e9cnica para implementa\u00e7\u00e3o do Sistema de Gerenciamento de Tr\u00e1fego de Embarca\u00e7\u00f5es (VTMIS) na Ilha da Moela, em Guaruj\u00e1.<\/p>\n<p>O acordo autoriza a APS a instalar equipamentos de \u00faltima gera\u00e7\u00e3o na Ilha da Moela \u2013 \u00e1rea administrada pela Marinha -, incluindo radar mar\u00edtimo, esta\u00e7\u00e3o meteorol\u00f3gica, c\u00e2meras eletro-\u00f3pticas e antenas, consolidando uma das quatro esta\u00e7\u00f5es do VTMIS que monitorar\u00e1 toda a \u00e1rea do Porto Organizado.<\/p>\n<p>As demais unidades estar\u00e3o no topo da Serra do Mar, no Morro do Tejereba (Guaruj\u00e1) e na Ilha Barnab\u00e9 (Santos), garantindo cobertura integral do canal e \u00e1reas de fundeio.<\/p>\n<p>O evento, realizado na Ponte de Inspe\u00e7\u00e3o Naval (PIN) da APS, contou com a presen\u00e7a do presidente Anderson Pomini e diretores da Companhia, bem como do Vice-Almirante Marco Antonio Ismael Trov\u00e3o (Comandante do 8\u00ba Distrito Naval) e do Capit\u00e3o dos Portos Marcus Andr\u00e9 de Souza e Silva.<\/p>\n<p><strong>Intelig\u00eancia de dados e integra\u00e7\u00e3o operacional<\/strong><\/p>\n<p>Em entrevista, o presidente Anderson Pomini destacou a transforma\u00e7\u00e3o trazida pelo sistema. \u201cO VTMIS n\u00e3o apenas eleva a seguran\u00e7a, mas cria uma nova era de integra\u00e7\u00e3o entre os \u00f3rg\u00e3os fiscalizadores. Iremos operar uma sala de situa\u00e7\u00e3o na sede da APS, reunindo praticagem, Receita Federal, Pol\u00edcia Federal, Capitania dos Portos e outros atores, com dados compartilhados em tempo real. Isso significa efici\u00eancia nas opera\u00e7\u00f5es portu\u00e1rias e no combate a il\u00edcitos.\u201d<\/p>\n<p>O Vice-Almirante Marco Trov\u00e3o refor\u00e7ou o impacto do sistema para a Marinha: \u201cEsta tecnologia ampliar\u00e1 radicalmente nossa consci\u00eancia situacional mar\u00edtima, permitindo uma vis\u00e3o global compartilhada do Porto de Santos. O VTMIS \u00e9 vital para a seguran\u00e7a do tr\u00e1fego aquavi\u00e1rio e a prote\u00e7\u00e3o contra amea\u00e7as como o tr\u00e1fico de drogas.\u201d<\/p>\n<p><strong>Sustentabilidade e inova\u00e7\u00e3o<\/strong><\/p>\n<p>Todas as esta\u00e7\u00f5es do VTMIS funcionar\u00e3o com energia solar fotovoltaica, alinhando-se ao compromisso da APS com o desenvolvimento sustent\u00e1vel. O VTMIS \u00e9 uma plataforma tecnol\u00f3gica que monitora em tempo real o movimento de navios em \u00e1guas portu\u00e1rias, combinando radares mar\u00edtimos, c\u00e2meras eletro-\u00f3pticas de alta defini\u00e7\u00e3o, esta\u00e7\u00f5es meteorol\u00f3gicas e sistemas de comunica\u00e7\u00e3o.<\/p>\n<p>No Porto de Santos, o VTMIS atuar\u00e1 como um centro de intelig\u00eancia de dados, fornecendo \u00e0s autoridades portu\u00e1rias e \u00e0 Marinha informa\u00e7\u00f5es integradas sobre posicionamento de embarca\u00e7\u00f5es, condi\u00e7\u00f5es clim\u00e1ticas, rotas de navega\u00e7\u00e3o e potenciais riscos.<\/p>\n<p>Sua opera\u00e7\u00e3o permite desde a otimiza\u00e7\u00e3o do tr\u00e1fego aquavi\u00e1rio at\u00e9 a\u00e7\u00f5es preditivas contra il\u00edcitos, ampliando a seguran\u00e7a e a efici\u00eancia operacional em toda a regi\u00e3o. \u201cO VTMIS materializa nossa vis\u00e3o de um porto seguro, inteligente e integrado ao desenvolvimento nacional. Sua opera\u00e7\u00e3o vai nos colocar entre os complexos portu\u00e1rios mais tecnologicamente avan\u00e7ados do mundo\u201d, complementa Anderson Pomini.<\/p>\n<p><strong>Pr\u00f3ximos passos<\/strong><\/p>\n<p>O edital para a instala\u00e7\u00e3o do sistema ser\u00e1 lan\u00e7ado ainda em 2025, marcando o in\u00edcio das obras de instala\u00e7\u00e3o, aguardadas h\u00e1 uma d\u00e9cada pela comunidade portu\u00e1ria. Durante o evento, a imprensa acompanhou uma visita naval \u00e0 Ilha da Moela \u2013 onde est\u00e1 localizado o farol essencial para a navega\u00e7\u00e3o \u2013, refor\u00e7ando a import\u00e2ncia simb\u00f3lica e operacional do local.<\/p>\n<p>Fonte: Porto de Santos<\/p>\n","protected":false},"excerpt":{"rendered":"<p>A Autoridade Portu\u00e1ria de Santos (APS) e a Marinha do Brasil formalizaram um Acordo de Coopera\u00e7\u00e3o T\u00e9cnica para implementa\u00e7\u00e3o do Sistema de Gerenciamento de Tr\u00e1fego&#8230;<\/p>\n","protected":false},"author":1527,"featured_media":59411,"comment_status":"closed","ping_status":"closed","sticky":false,"template":"","format":"standard","meta":{"footnotes":""},"categories":[6],"tags":[],"class_list":["post-59409","post","type-post","status-publish","format-standard","has-post-thumbnail","hentry","category-noticias"],"_links":{"self":[{"href":"https:\/\/www.sincomam.org.br\/index.php\/wp-json\/wp\/v2\/posts\/59409","targetHints":{"allow":["GET"]}}],"collection":[{"href":"https:\/\/www.sincomam.org.br\/index.php\/wp-json\/wp\/v2\/posts"}],"about":[{"href":"https:\/\/www.sincomam.org.br\/index.php\/wp-json\/wp\/v2\/types\/post"}],"author":[{"embeddable":true,"href":"https:\/\/www.sincomam.org.br\/index.php\/wp-json\/wp\/v2\/users\/1527"}],"replies":[{"embeddable":true,"href":"https:\/\/www.sincomam.org.br\/index.php\/wp-json\/wp\/v2\/comments?post=59409"}],"version-history":[{"count":1,"href":"https:\/\/www.sincomam.org.br\/index.php\/wp-json\/wp\/v2\/posts\/59409\/revisions"}],"predecessor-version":[{"id":59412,"href":"https:\/\/www.sincomam.org.br\/index.php\/wp-json\/wp\/v2\/posts\/59409\/revisions\/59412"}],"wp:featuredmedia":[{"embeddable":true,"href":"https:\/\/www.sincomam.org.br\/index.php\/wp-json\/wp\/v2\/media\/59411"}],"wp:attachment":[{"href":"https:\/\/www.sincomam.org.br\/index.php\/wp-json\/wp\/v2\/media?parent=59409"}],"wp:term":[{"taxonomy":"category","embeddable":true,"href":"https:\/\/www.sincomam.org.br\/index.php\/wp-json\/wp\/v2\/categories?post=59409"},{"taxonomy":"post_tag","embeddable":true,"href":"https:\/\/www.sincomam.org.br\/index.php\/wp-json\/wp\/v2\/tags?post=59409"}],"curies":[{"name":"wp","href":"https:\/\/api.w.org\/{rel}","templated":true}]}}