{"id":59397,"date":"2025-06-03T12:16:43","date_gmt":"2025-06-03T15:16:43","guid":{"rendered":"https:\/\/www.sincomam.org.br\/?p=59397"},"modified":"2025-06-03T12:16:43","modified_gmt":"2025-06-03T15:16:43","slug":"ii-workshop-no-mar-com-elas-destaca-lideranca-feminina-no-mar","status":"publish","type":"post","link":"https:\/\/www.sincomam.org.br\/index.php\/ii-workshop-no-mar-com-elas-destaca-lideranca-feminina-no-mar\/","title":{"rendered":"II Workshop \u2018No Mar com Elas\u2019 destaca lideran\u00e7a feminina no mar"},"content":{"rendered":"<p data-start=\"74\" data-end=\"549\">Elas est\u00e3o no passadi\u00e7o, nas m\u00e1quinas, nos portos e agora tamb\u00e9m nos palcos dos grandes debates do setor mar\u00edtimo. Realizado no CIAGA, o\u00a0II Workshop \u201cNo Mar com Elas\u201d\u00a0reuniu mulheres da Marinha Mercante e de institui\u00e7\u00f5es latino-americanas para discutir desafios, avan\u00e7os e oportunidades na ind\u00fastria mar\u00edtima. Em meio a homenagens e parcerias, ficou evidente:\u00a0o mar est\u00e1 se abrindo para a lideran\u00e7a feminina, e cada nova onda carrega hist\u00f3rias de supera\u00e7\u00e3o e compet\u00eancia.<\/p>\n<h3 data-start=\"556\" data-end=\"633\">Avan\u00e7os e desafios da presen\u00e7a feminina no setor mar\u00edtimo e portu\u00e1rio<\/h3>\n<p data-start=\"635\" data-end=\"1081\">Historicamente dominado por homens, o setor mar\u00edtimo come\u00e7a a passar por uma mudan\u00e7a estrutural com a\u00a0amplia\u00e7\u00e3o da presen\u00e7a feminina nas atividades de navega\u00e7\u00e3o, log\u00edstica e portos. O workshop deste ano, promovido no\u00a0Centro de Instru\u00e7\u00e3o Almirante Gra\u00e7a Aranha (CIAGA), refor\u00e7ou essa transforma\u00e7\u00e3o ao abordar temas como\u00a0seguran\u00e7a operacional, ass\u00e9dio no trabalho, transi\u00e7\u00e3o de carreira e desafios espec\u00edficos da praticagem na Amaz\u00f4nia.<\/p>\n<p data-start=\"1083\" data-end=\"1501\">Mesmo com os avan\u00e7os, os n\u00fameros globais ainda apontam para desigualdade:\u00a0apenas 2% da for\u00e7a de trabalho mar\u00edtima \u00e9 composta por mulheres. As dificuldades enfrentadas v\u00e3o desde barreiras culturais at\u00e9 limita\u00e7\u00f5es operacionais embarcadas. O evento evidenciou que o caminho para a\u00a0equidade no setor mar\u00edtimo exige investimento em pol\u00edticas inclusivas, forma\u00e7\u00e3o t\u00e9cnica qualificada e combate ativo \u00e0 discrimina\u00e7\u00e3o.<\/p>\n<h3 data-start=\"1508\" data-end=\"1583\">A\u00e7\u00f5es institucionais e redes de apoio \u00e0 inclus\u00e3o de mulheres no mar<\/h3>\n<p data-start=\"1585\" data-end=\"2021\">Durante o evento, foi formalizada uma parceria estrat\u00e9gica entre a\u00a0Rede de Mulheres da Autoridade Mar\u00edtima da Am\u00e9rica Latina (Red MAMLa)\u00a0e entidades brasileiras, como a\u00a0WISTA Brazil, SINDMAR, Centro de Capit\u00e3es da Marinha Mercante\u00a0e a\u00a0Associa\u00e7\u00e3o Mulheres Aquavi\u00e1rias do Brasil. Essa alian\u00e7a visa\u00a0fortalecer a reten\u00e7\u00e3o e ascens\u00e3o de mulheres nas carreiras mar\u00edtimas, promovendo eventos, mentorias e a\u00e7\u00f5es de visibilidade.<\/p>\n<p data-start=\"2023\" data-end=\"2558\">A vice-presidente da WISTA Brazil,\u00a0Fl\u00e1via Melo, destacou que a data e o workshop celebram \u201ca for\u00e7a de todas as mulheres que atuam, seja a bordo, em portos ou nas bases operacionais\u201d. J\u00e1 a Capit\u00e3o de Longo Curso\u00a0Fabiana Durant, Embaixadora da Boa Vontade da IMO, refor\u00e7ou que o evento \u00e9 um instrumento concreto para \u201cconstruir um ambiente mais inclusivo no setor mar\u00edtimo\u201d. A presen\u00e7a da Red MAMLa conferiu car\u00e1ter internacional ao workshop, estabelecendo pontes entre as\u00a0Marinhas e institui\u00e7\u00f5es civis da Am\u00e9rica Latina.<\/p>\n<h3 data-start=\"2565\" data-end=\"2658\">Representatividade e futuro: hist\u00f3rias inspiradoras que est\u00e3o moldando a nova gera\u00e7\u00e3o<\/h3>\n<p data-start=\"2660\" data-end=\"3066\">Exemplos de lideran\u00e7a feminina marcaram os pain\u00e9is do evento. A Pr\u00e1tica\u00a0Claudia Duarte, primeira mulher na Zona de Praticagem de Manaus, emocionou ao compartilhar sua rotina na Amaz\u00f4nia. A Capit\u00e3o de Longo Curso\u00a0Hildelene Lobato Bahia, primeira comandante da Marinha Mercante brasileira, refor\u00e7ou o orgulho de ver \u201cmulheres ocupando todos os espa\u00e7os, em navios, plataformas e opera\u00e7\u00f5es portu\u00e1rias\u201d.<\/p>\n<p data-start=\"3068\" data-end=\"3345\">A nova gera\u00e7\u00e3o tamb\u00e9m teve voz. A aluna\u00a0Gabriela Mendes Maia, do CIAGA, revelou o desejo de atuar embarcada na \u00e1rea de M\u00e1quinas. Para ela, a representatividade que encontrou nas palestras \u201cinspira e mostra que o mar pode, sim, ser um ambiente de igualdade e oportunidade\u201d.<\/p>\n<p data-start=\"3347\" data-end=\"3643\">A trajet\u00f3ria da Capit\u00e3o de Corveta (T)\u00a0Claudia Diniz, que migrou da Marinha Mercante para a\u00a0Marinha do Brasil\u00a0e hoje representa a Autoridade Mar\u00edtima na Red MAMLa, simboliza essa transversalidade de experi\u00eancias femininas que moldam o presente e o futuro da\u00a0atividade mar\u00edtima brasileira.<\/p>\n<p data-start=\"3347\" data-end=\"3643\">Fonte: Defesa em Foco<\/p>\n","protected":false},"excerpt":{"rendered":"<p>Elas est\u00e3o no passadi\u00e7o, nas m\u00e1quinas, nos portos e agora tamb\u00e9m nos palcos dos grandes debates do setor mar\u00edtimo. Realizado no CIAGA, o\u00a0II Workshop \u201cNo&#8230;<\/p>\n","protected":false},"author":1527,"featured_media":59399,"comment_status":"closed","ping_status":"closed","sticky":false,"template":"","format":"standard","meta":{"footnotes":""},"categories":[6],"tags":[],"class_list":["post-59397","post","type-post","status-publish","format-standard","has-post-thumbnail","hentry","category-noticias"],"_links":{"self":[{"href":"https:\/\/www.sincomam.org.br\/index.php\/wp-json\/wp\/v2\/posts\/59397","targetHints":{"allow":["GET"]}}],"collection":[{"href":"https:\/\/www.sincomam.org.br\/index.php\/wp-json\/wp\/v2\/posts"}],"about":[{"href":"https:\/\/www.sincomam.org.br\/index.php\/wp-json\/wp\/v2\/types\/post"}],"author":[{"embeddable":true,"href":"https:\/\/www.sincomam.org.br\/index.php\/wp-json\/wp\/v2\/users\/1527"}],"replies":[{"embeddable":true,"href":"https:\/\/www.sincomam.org.br\/index.php\/wp-json\/wp\/v2\/comments?post=59397"}],"version-history":[{"count":1,"href":"https:\/\/www.sincomam.org.br\/index.php\/wp-json\/wp\/v2\/posts\/59397\/revisions"}],"predecessor-version":[{"id":59400,"href":"https:\/\/www.sincomam.org.br\/index.php\/wp-json\/wp\/v2\/posts\/59397\/revisions\/59400"}],"wp:featuredmedia":[{"embeddable":true,"href":"https:\/\/www.sincomam.org.br\/index.php\/wp-json\/wp\/v2\/media\/59399"}],"wp:attachment":[{"href":"https:\/\/www.sincomam.org.br\/index.php\/wp-json\/wp\/v2\/media?parent=59397"}],"wp:term":[{"taxonomy":"category","embeddable":true,"href":"https:\/\/www.sincomam.org.br\/index.php\/wp-json\/wp\/v2\/categories?post=59397"},{"taxonomy":"post_tag","embeddable":true,"href":"https:\/\/www.sincomam.org.br\/index.php\/wp-json\/wp\/v2\/tags?post=59397"}],"curies":[{"name":"wp","href":"https:\/\/api.w.org\/{rel}","templated":true}]}}