{"id":59377,"date":"2025-06-03T11:17:13","date_gmt":"2025-06-03T14:17:13","guid":{"rendered":"https:\/\/www.sincomam.org.br\/?p=59377"},"modified":"2025-06-03T11:17:13","modified_gmt":"2025-06-03T14:17:13","slug":"porto-do-itaqui-discute-acoes-para-melhorar-importacao-de-fertilizantes","status":"publish","type":"post","link":"https:\/\/www.sincomam.org.br\/index.php\/porto-do-itaqui-discute-acoes-para-melhorar-importacao-de-fertilizantes\/","title":{"rendered":"Porto do Itaqui discute a\u00e7\u00f5es para melhorar importa\u00e7\u00e3o de fertilizantes"},"content":{"rendered":"<p data-start=\"77\" data-end=\"548\">O Porto do Itaqui promoveu na quinta-feira (29) uma reuni\u00e3o com representantes de importadoras para discutir estrat\u00e9gias voltadas \u00e0 efici\u00eancia operacional na importa\u00e7\u00e3o de fertilizantes. O encontro aconteceu na sede da Empresa Maranhense de Administra\u00e7\u00e3o Portu\u00e1ria (Emap) e abordou temas como a amplia\u00e7\u00e3o da autonomia dos clientes no planejamento de atraca\u00e7\u00f5es, refor\u00e7o da seguran\u00e7a, limpeza no cais, aumento da produtividade e capacidade de receber mais navios e cargas.<\/p>\n<p data-start=\"550\" data-end=\"917\">Carlos Roberto Frisoli, diretor de opera\u00e7\u00f5es do porto, destacou a import\u00e2ncia do setor, que movimenta cerca de 4 milh\u00f5es de toneladas por ano. Entre os t\u00f3picos debatidos estiveram a adapta\u00e7\u00e3o do ber\u00e7o 99 para navios maiores e a otimiza\u00e7\u00e3o do Sistema B\u00fassola, que fornece dados em tempo real para garantir continuidade nas opera\u00e7\u00f5es, mesmo diante de falhas sist\u00eamicas.<\/p>\n<p data-start=\"919\" data-end=\"1265\">O gerente regional da Fertipar, Elizeu Tomporowsk, refor\u00e7ou a import\u00e2ncia do alinhamento entre usu\u00e1rios e a administra\u00e7\u00e3o do porto para melhorar os resultados. O Porto do Itaqui segue ampliando sua movimenta\u00e7\u00e3o de cargas, atendendo a regi\u00f5es produtoras como Mato Grosso, Goi\u00e1s, Piau\u00ed e MATOPIBA, com impacto direto no desenvolvimento do Maranh\u00e3o.<\/p>\n<p data-start=\"919\" data-end=\"1265\">Fonte: Portos e Navios<\/p>\n","protected":false},"excerpt":{"rendered":"<p>O Porto do Itaqui promoveu na quinta-feira (29) uma reuni\u00e3o com representantes de importadoras para discutir estrat\u00e9gias voltadas \u00e0 efici\u00eancia operacional na importa\u00e7\u00e3o de fertilizantes&#8230;.<\/p>\n","protected":false},"author":1527,"featured_media":59379,"comment_status":"closed","ping_status":"closed","sticky":false,"template":"","format":"standard","meta":{"footnotes":""},"categories":[6],"tags":[],"class_list":["post-59377","post","type-post","status-publish","format-standard","has-post-thumbnail","hentry","category-noticias"],"_links":{"self":[{"href":"https:\/\/www.sincomam.org.br\/index.php\/wp-json\/wp\/v2\/posts\/59377","targetHints":{"allow":["GET"]}}],"collection":[{"href":"https:\/\/www.sincomam.org.br\/index.php\/wp-json\/wp\/v2\/posts"}],"about":[{"href":"https:\/\/www.sincomam.org.br\/index.php\/wp-json\/wp\/v2\/types\/post"}],"author":[{"embeddable":true,"href":"https:\/\/www.sincomam.org.br\/index.php\/wp-json\/wp\/v2\/users\/1527"}],"replies":[{"embeddable":true,"href":"https:\/\/www.sincomam.org.br\/index.php\/wp-json\/wp\/v2\/comments?post=59377"}],"version-history":[{"count":1,"href":"https:\/\/www.sincomam.org.br\/index.php\/wp-json\/wp\/v2\/posts\/59377\/revisions"}],"predecessor-version":[{"id":59380,"href":"https:\/\/www.sincomam.org.br\/index.php\/wp-json\/wp\/v2\/posts\/59377\/revisions\/59380"}],"wp:featuredmedia":[{"embeddable":true,"href":"https:\/\/www.sincomam.org.br\/index.php\/wp-json\/wp\/v2\/media\/59379"}],"wp:attachment":[{"href":"https:\/\/www.sincomam.org.br\/index.php\/wp-json\/wp\/v2\/media?parent=59377"}],"wp:term":[{"taxonomy":"category","embeddable":true,"href":"https:\/\/www.sincomam.org.br\/index.php\/wp-json\/wp\/v2\/categories?post=59377"},{"taxonomy":"post_tag","embeddable":true,"href":"https:\/\/www.sincomam.org.br\/index.php\/wp-json\/wp\/v2\/tags?post=59377"}],"curies":[{"name":"wp","href":"https:\/\/api.w.org\/{rel}","templated":true}]}}