{"id":59358,"date":"2025-06-02T11:10:32","date_gmt":"2025-06-02T14:10:32","guid":{"rendered":"https:\/\/www.sincomam.org.br\/?p=59358"},"modified":"2025-06-02T11:10:32","modified_gmt":"2025-06-02T14:10:32","slug":"marinha-convida-publico-a-viver-aventuras-reais-em-campanha-do-dia-da-marinha","status":"publish","type":"post","link":"https:\/\/www.sincomam.org.br\/index.php\/marinha-convida-publico-a-viver-aventuras-reais-em-campanha-do-dia-da-marinha\/","title":{"rendered":"Marinha convida p\u00fablico a viver aventuras reais em campanha do Dia da Marinha"},"content":{"rendered":"<p class=\"text-align-justify\">Com o slogan \u201cSai da tela e bora pro mar\u201d, a campanha publicit\u00e1ria do Dia da Marinha de 2025 tem como foco o p\u00fablico jovem, convidando-o a vivenciar aventuras no mundo real. A Marinha do Brasil (MB) inova ao empregar, pela primeira vez, recursos de intelig\u00eancia artificial em sua produ\u00e7\u00e3o publicit\u00e1ria. As pe\u00e7as gr\u00e1ficas come\u00e7am a ser veiculadas neste domingo (1\u00ba), nos perfis oficiais da Marinha nas m\u00eddias sociais.<\/p>\n<p class=\"text-align-justify\">O v\u00eddeo principal intercala imagens de um jovem jogando videogame com cenas em primeira pessoa de opera\u00e7\u00f5es reais. A proposta \u00e9 dialogar com os nativos digitais, jovens que cresceram sob forte influ\u00eancia tecnol\u00f3gica.<\/p>\n<p class=\"text-align-justify\">As pe\u00e7as gr\u00e1ficas mant\u00eam a mesma proposta visual, com refer\u00eancias a jogos de a\u00e7\u00e3o e linguagem pr\u00f3pria do universo <em>gamer<\/em>, buscando capturar e manter a aten\u00e7\u00e3o do p\u00fablico-alvo. Personagens e cen\u00e1rios foram criados com o uso de intelig\u00eancia artificial, representando ambientes de navios, submarinos e viaturas, al\u00e9m de simular opera\u00e7\u00f5es como busca e salvamento no mar. As pe\u00e7as convidam o p\u00fablico a pressionar o bot\u00e3o de iniciar (<em>press start<\/em>) e a come\u00e7ar uma nova fase chamada \u201cN\u00edvel do Mar\u201d, utilizando o universo dos jogos como met\u00e1fora para a vida real.<\/p>\n<h5 class=\"text-align-justify\">R\u00e1dio Marinha FM em Bras\u00edlia ser\u00e1 inaugurada e inicia suas transmiss\u00f5es em sintonia com o p\u00fablico jovem<\/h5>\n<p class=\"text-align-justify\">Como parte da campanha, a rede de R\u00e1dios FM da Marinha veicular\u00e1 comemorativos ao Dia da Marinha, utilizando, tamb\u00e9m pela primeira vez, recursos de intelig\u00eancia artificial. O material ser\u00e1 veiculado durante toda a programa\u00e7\u00e3o do m\u00eas de junho, nas sete esta\u00e7\u00f5es da R\u00e1dio Marinha.<\/p>\n<p class=\"text-align-justify\">Al\u00e9m da transmiss\u00e3o via internet, a rede de emissoras em Frequ\u00eancia Modulada (FM) tem ouvintes fi\u00e9is nas cidades de S\u00e3o Pedro da Aldeia (RJ), Corumb\u00e1 (MS), Natal (RN), Rio Grande (RS), Manaus (AM) e Bel\u00e9m (PA).<\/p>\n<p class=\"text-align-justify\">A partir de 8 de junho, as ondas da R\u00e1dio Marinha FM chegar\u00e3o a uma nova localidade. A esta\u00e7\u00e3o iniciar\u00e1 oficialmente sua transmiss\u00e3o em Bras\u00edlia (DF), como parte das comemora\u00e7\u00f5es do Dia da Marinha. A nova emissora poder\u00e1 ser sintonizada na frequ\u00eancia 95,7 FM, oferecendo ao p\u00fablico do Distrito Federal uma programa\u00e7\u00e3o diferenciada, produzida pelo Centro de Comunica\u00e7\u00e3o Social da Marinha. Os efeitos sonoros e os <em>spots<\/em>, inspirados no universo dos videogames, mant\u00eam a coer\u00eancia com os demais elementos da campanha.<\/p>\n<h5 class=\"text-align-justify\">A campanha encerra um ciclo e apresenta uma evolu\u00e7\u00e3o na Comunica\u00e7\u00e3o da For\u00e7a Naval<\/h5>\n<p class=\"text-align-justify\">Desde mar\u00e7o, o Centro de Comunica\u00e7\u00e3o Social da Marinha desenvolve a nova campanha com a colabora\u00e7\u00e3o de militares de diferentes Corpos e Quadros, incluindo profissionais das \u00e1reas de publicidade e jornalismo, para a cria\u00e7\u00e3o de conceitos e linhas criativas. A proposta selecionada foi inspirada em iniciativas internacionais, como a das for\u00e7as armadas de outros pa\u00edses, que lan\u00e7aram jogos gratuitos de tiro em primeira pessoa como ferramenta de recrutamento e divulga\u00e7\u00e3o institucional, alcan\u00e7ando milh\u00f5es de usu\u00e1rios.<\/p>\n<p class=\"text-align-justify\">O p\u00fablico-alvo da campanha s\u00e3o os adeptos de videogames, que representam 73,9% da popula\u00e7\u00e3o brasileira, conforme a Pesquisa Game Brasil (PGB), realizada pelo SX Group e Go Gamers e divulgada em fevereiro de 2024. A iniciativa busca despertar o interesse dos jovens familiarizados com a tecnologia e atra\u00ed-los para vivenciar as experi\u00eancias que a vida a bordo pode proporcionar, apresentando a MB como uma op\u00e7\u00e3o profissional. Os interessados poder\u00e3o obter mais informa\u00e7\u00f5es por meio das m\u00eddias sociais e do site exclusivo de concursos da For\u00e7a Naval.<\/p>\n<p class=\"text-align-justify\">A campanha \u00e9 uma das \u00faltimas a\u00e7\u00f5es sob a atual denomina\u00e7\u00e3o do Centro de Comunica\u00e7\u00e3o Social da Marinha, que passar\u00e1 a se chamar Centro de Comunica\u00e7\u00e3o Estrat\u00e9gica da Marinha (CCEM) a partir de 11 de junho, data em que se comemora o Dia da Marinha. O papel determinante da Comunica\u00e7\u00e3o na consecu\u00e7\u00e3o dos objetivos institucionais da For\u00e7a evidenciaram que o momento era adequado \u00e0s mudan\u00e7as. A nova nomenclatura refor\u00e7a o posicionamento do Centro no mais alto n\u00edvel da Comunica\u00e7\u00e3o, com foco na formula\u00e7\u00e3o de diretrizes e objetivos alinhados \u00e0 estrat\u00e9gia organizacional de longo prazo. Al\u00e9m disso, a descentraliza\u00e7\u00e3o das a\u00e7\u00f5es nos n\u00edveis operacional e t\u00e1tico \u00e9 apontada como essencial para o cumprimento de sua fun\u00e7\u00e3o estrat\u00e9gica.<\/p>\n<h5 class=\"text-align-justify\">Sobre o Dia da Marinha<\/h5>\n<p class=\"text-align-justify\">O Dia da Marinha \u00e9 celebrado em 11 de junho, em refer\u00eancia \u00e0 vit\u00f3ria brasileira na Batalha Naval do Riachuelo, ocorrida em 1865. A participa\u00e7\u00e3o da For\u00e7a Naval naquele epis\u00f3dio foi decisiva para o desfecho da Guerra do Paraguai, o maior conflito armado registrado na Am\u00e9rica do Sul. Desde ent\u00e3o, a MB homenageia, anualmente, os feitos heroicos de seus combatentes, reconhecendo-os como exemplo e inspira\u00e7\u00e3o para as gera\u00e7\u00f5es atuais e futuras.<\/p>\n<p>Fonte: Ag\u00eancia Marinha de Not\u00edcias<\/p>\n","protected":false},"excerpt":{"rendered":"<p>Com o slogan \u201cSai da tela e bora pro mar\u201d, a campanha publicit\u00e1ria do Dia da Marinha de 2025 tem como foco o p\u00fablico jovem,&#8230;<\/p>\n","protected":false},"author":1527,"featured_media":59360,"comment_status":"closed","ping_status":"closed","sticky":false,"template":"","format":"standard","meta":{"footnotes":""},"categories":[6],"tags":[],"class_list":["post-59358","post","type-post","status-publish","format-standard","has-post-thumbnail","hentry","category-noticias"],"_links":{"self":[{"href":"https:\/\/www.sincomam.org.br\/index.php\/wp-json\/wp\/v2\/posts\/59358","targetHints":{"allow":["GET"]}}],"collection":[{"href":"https:\/\/www.sincomam.org.br\/index.php\/wp-json\/wp\/v2\/posts"}],"about":[{"href":"https:\/\/www.sincomam.org.br\/index.php\/wp-json\/wp\/v2\/types\/post"}],"author":[{"embeddable":true,"href":"https:\/\/www.sincomam.org.br\/index.php\/wp-json\/wp\/v2\/users\/1527"}],"replies":[{"embeddable":true,"href":"https:\/\/www.sincomam.org.br\/index.php\/wp-json\/wp\/v2\/comments?post=59358"}],"version-history":[{"count":1,"href":"https:\/\/www.sincomam.org.br\/index.php\/wp-json\/wp\/v2\/posts\/59358\/revisions"}],"predecessor-version":[{"id":59361,"href":"https:\/\/www.sincomam.org.br\/index.php\/wp-json\/wp\/v2\/posts\/59358\/revisions\/59361"}],"wp:featuredmedia":[{"embeddable":true,"href":"https:\/\/www.sincomam.org.br\/index.php\/wp-json\/wp\/v2\/media\/59360"}],"wp:attachment":[{"href":"https:\/\/www.sincomam.org.br\/index.php\/wp-json\/wp\/v2\/media?parent=59358"}],"wp:term":[{"taxonomy":"category","embeddable":true,"href":"https:\/\/www.sincomam.org.br\/index.php\/wp-json\/wp\/v2\/categories?post=59358"},{"taxonomy":"post_tag","embeddable":true,"href":"https:\/\/www.sincomam.org.br\/index.php\/wp-json\/wp\/v2\/tags?post=59358"}],"curies":[{"name":"wp","href":"https:\/\/api.w.org\/{rel}","templated":true}]}}