{"id":59337,"date":"2025-05-30T12:37:32","date_gmt":"2025-05-30T15:37:32","guid":{"rendered":"https:\/\/www.sincomam.org.br\/?p=59337"},"modified":"2025-05-30T12:37:32","modified_gmt":"2025-05-30T15:37:32","slug":"inscricoes-para-curso-do-ifpb-da-marinha-mercante-vao-ate-11-de-junho-saiba-como-concorrer","status":"publish","type":"post","link":"https:\/\/www.sincomam.org.br\/index.php\/inscricoes-para-curso-do-ifpb-da-marinha-mercante-vao-ate-11-de-junho-saiba-como-concorrer\/","title":{"rendered":"Inscri\u00e7\u00f5es para curso do IFPB da marinha mercante v\u00e3o at\u00e9 11 de junho; saiba como concorrer"},"content":{"rendered":"<p>Interessados em concorrer a uma das vagas do curso de forma\u00e7\u00e3o para atuar na Marinha Mercante devem se inscrever at\u00e9 o dia 11 de junho<a href=\"https:\/\/docs.google.com\/forms\/d\/e\/1FAIpQLSdLW3MWOzGbKsxkuzi8t4Dwb36ppmeufKAKj-tfK9dsuv82Vw\/viewform\" target=\"_blank\" rel=\"noopener\"><strong>\u00a0no link aqui.\u00a0\u00a0<\/strong><\/a>O curso oferecido pelo Campus Cabedelo Centro do IFPB \u2018Adapta\u00e7\u00e3o de Aquavi\u00e1rios\u2019 \u00e9 destinado para Cozinheiro, Taifeiro e Auxiliar de Sa\u00fade (CAAQ-CTS). S\u00e3o 60 vagas distribu\u00eddas em duas turmas no turno noturno, em aulas presenciais no campus Cabedelo Centro. A inscri\u00e7\u00e3o, todo o curso e as certifica\u00e7\u00f5es que s\u00e3o emitidas pelo IFPB e a Marinha do Brasil s\u00e3o gratuitas.<\/p>\n<p>O requisito b\u00e1sico para o curso \u00e9 o Ensino Fundamental completo, mas h\u00e1 forma\u00e7\u00f5es espec\u00edficas necess\u00e1rias para a inscri\u00e7\u00e3o.\u00a0 O resultado final da sele\u00e7\u00e3o est\u00e1 estimado para o dia 09 de julho, com per\u00edodo de matr\u00edcula de 09 a 18 de julho e in\u00edcio das aulas previsto para 11 de agosto.<\/p>\n<p>Para a categoria Enfermeiro, \u00e9 preciso diploma de Enfermagem ou T\u00e9cnico(a) em Enfermagem e registro pelo \u00f3rg\u00e3o competente. Para Auxiliar de Sa\u00fade, \u00e9 ter certificado de Auxiliar de Enfermagem e registro. Para Cozinheiro, precisa do curso de capacita\u00e7\u00e3o de Cozinheiro, com carga hor\u00e1ria m\u00ednima de 160 horas. Para a categoria Taifeiro, \u00e9 necess\u00e1rio um curso de capacita\u00e7\u00e3o de Gar\u00e7om\/Taifeiro, com carga hor\u00e1ria m\u00ednima de 160 horas.<\/p>\n<p>Cada turma ter\u00e1 10 vagas para Cozinheiro; 10 para Taifeiro e 10 para Enfermeiro e Auxiliar de Sa\u00fade. \u00c9 necess\u00e1rio ter 18 anos at\u00e9 o dia da inscri\u00e7\u00e3o.<\/p>\n<p>De acordo com o coordenador de Extens\u00e3o do campus Cabedelo Centro, Marc\u00e9u Adissi, as aulas devem acontecer entre os meses de agosto e outubro.\u00a0\u00a0O curso \u00e9 registrado como uma a\u00e7\u00e3o de extens\u00e3o na modalidade de Forma\u00e7\u00e3o Inicial e Continuada (FIC). \u201cA expectativa \u00e9 de grande repercuss\u00e3o, considerando a alta demanda e o fato de a oferta n\u00e3o ocorrer h\u00e1 v\u00e1rios anos\u201d, comentou o professor Marc\u00e9u.<\/p>\n<p>O edital completo com todos os detalhes pode ser conferido aqui. O processo seletivo tem duas etapas. Na primeira, ser\u00e3o analisadas as notas de Portugu\u00eas e Matem\u00e1tica no Ensino Fundamental II (6\u00ba ao 9\u00ba ano ou equivalente), de car\u00e1ter classificat\u00f3rio e eliminat\u00f3rio.<\/p>\n<p>Os candidatos com maiores notas at\u00e9 72 pessoas ser\u00e3o convocados para fazer a segunda etapa, que \u00e9 um Teste de sufici\u00eancia f\u00edsica, de car\u00e1ter eliminat\u00f3rio. O teste f\u00edsico \u00e9 de 25 metros de nado livre e de 10 minutos flutuando.\u00a0 O diretor de Desenvolvimento de Ensino do campus Cabedelo Centro, George Glauber Severo, destaca a import\u00e2ncia da retomada deste curso. \u201cMuito importante o apoio da Reitoria, especialmente das Pr\u00f3-reitorias de Ensino e de Extens\u00e3o e Cultura, que juntamente com o campus Cabedelo Centro retomaram a parceria com a Marinha do Brasil para ofertar um curso que tem alta procura inclusive de candidatos de outros estados\u201d, frisou o professor Glauber.<\/p>\n<p>Confira o edital da inscri\u00e7\u00e3o aqui:<a href=\"https:\/\/www.ifpb.edu.br\/cabedelocentro\/cursos\/epm\/ensino\/editais-do-epm\/editais-2025\" target=\"_blank\" rel=\"noopener\">https:\/\/www.ifpb.edu.br\/cabedelocentro\/cursos\/epm\/ensino\/editais-do-epm\/editais-2025<\/a><\/p>\n<p>Fonte: Click PB<\/p>\n","protected":false},"excerpt":{"rendered":"<p>Interessados em concorrer a uma das vagas do curso de forma\u00e7\u00e3o para atuar na Marinha Mercante devem se inscrever at\u00e9 o dia 11 de junho\u00a0no&#8230;<\/p>\n","protected":false},"author":1527,"featured_media":59339,"comment_status":"closed","ping_status":"closed","sticky":false,"template":"","format":"standard","meta":{"footnotes":""},"categories":[6],"tags":[],"class_list":["post-59337","post","type-post","status-publish","format-standard","has-post-thumbnail","hentry","category-noticias"],"_links":{"self":[{"href":"https:\/\/www.sincomam.org.br\/index.php\/wp-json\/wp\/v2\/posts\/59337","targetHints":{"allow":["GET"]}}],"collection":[{"href":"https:\/\/www.sincomam.org.br\/index.php\/wp-json\/wp\/v2\/posts"}],"about":[{"href":"https:\/\/www.sincomam.org.br\/index.php\/wp-json\/wp\/v2\/types\/post"}],"author":[{"embeddable":true,"href":"https:\/\/www.sincomam.org.br\/index.php\/wp-json\/wp\/v2\/users\/1527"}],"replies":[{"embeddable":true,"href":"https:\/\/www.sincomam.org.br\/index.php\/wp-json\/wp\/v2\/comments?post=59337"}],"version-history":[{"count":1,"href":"https:\/\/www.sincomam.org.br\/index.php\/wp-json\/wp\/v2\/posts\/59337\/revisions"}],"predecessor-version":[{"id":59340,"href":"https:\/\/www.sincomam.org.br\/index.php\/wp-json\/wp\/v2\/posts\/59337\/revisions\/59340"}],"wp:featuredmedia":[{"embeddable":true,"href":"https:\/\/www.sincomam.org.br\/index.php\/wp-json\/wp\/v2\/media\/59339"}],"wp:attachment":[{"href":"https:\/\/www.sincomam.org.br\/index.php\/wp-json\/wp\/v2\/media?parent=59337"}],"wp:term":[{"taxonomy":"category","embeddable":true,"href":"https:\/\/www.sincomam.org.br\/index.php\/wp-json\/wp\/v2\/categories?post=59337"},{"taxonomy":"post_tag","embeddable":true,"href":"https:\/\/www.sincomam.org.br\/index.php\/wp-json\/wp\/v2\/tags?post=59337"}],"curies":[{"name":"wp","href":"https:\/\/api.w.org\/{rel}","templated":true}]}}