{"id":59323,"date":"2025-05-30T11:54:21","date_gmt":"2025-05-30T14:54:21","guid":{"rendered":"https:\/\/www.sincomam.org.br\/?p=59323"},"modified":"2025-05-30T11:54:21","modified_gmt":"2025-05-30T14:54:21","slug":"mulheres-ampliam-atuacao-no-setor-maritimo","status":"publish","type":"post","link":"https:\/\/www.sincomam.org.br\/index.php\/mulheres-ampliam-atuacao-no-setor-maritimo\/","title":{"rendered":"Mulheres ampliam atua\u00e7\u00e3o no setor mar\u00edtimo"},"content":{"rendered":"<p class=\"text-align-justify\">O II Workshop \u201cNo Mar com Elas\u201d foi realizado na ter\u00e7a-feira, 27 de maio, no Centro de Instru\u00e7\u00e3o Almirante Gra\u00e7a Aranha (CIAGA), em comemora\u00e7\u00e3o ao Dia Internacional da Mulher Mar\u00edtima. O evento contou com um ciclo de pain\u00e9is conduzidos por mulheres do setor, que compartilharam conhecimentos t\u00e9cnicos e experi\u00eancias profissionais nas \u00e1reas mar\u00edtima e portu\u00e1ria.<\/p>\n<p class=\"text-align-justify\">O evento teve alcance internacional, com a participa\u00e7\u00e3o de integrantes da Rede de Mulheres da Autoridade Mar\u00edtima da Am\u00e9rica Latina (Red MAMLa), que representaram as Marinhas dos pa\u00edses latino-americanos.<\/p>\n<p class=\"text-align-justify\">Durante o workshop, foi formalizada uma parceria entre a Red MAMLa e institui\u00e7\u00f5es da comunidade mar\u00edtima brasileira, como a <em>Women&#8217;s International Shipping &amp; Trading Association<\/em> (WISTA) Brazil, o Centro de Capit\u00e3es da Marinha Mercante, o Sindicato dos Oficiais e Eletricistas da Marinha Mercante (SINDMAR) e a Associa\u00e7\u00e3o Mulheres Aquavi\u00e1rias do Brasil. O objetivo \u00e9 promover a\u00e7\u00f5es que ampliem a inclus\u00e3o e a reten\u00e7\u00e3o de mulheres nas carreiras mar\u00edtimas. Atualmente, elas representam cerca de 2% da for\u00e7a de trabalho do setor em n\u00edvel mundial.<\/p>\n<p class=\"text-align-justify\">Segundo a vice-presidente da WISTA Brazil, Fl\u00e1via Melo, \u201co Dia Internacional da Mulher na Ind\u00fastria Mar\u00edtima celebra tudo o que a WISTA representa: uni\u00e3o, resili\u00eancia e a for\u00e7a de todas as mulheres que atuam, seja a bordo, em terminais, portos, bases operacionais ou em atividades essenciais \u00e0 navega\u00e7\u00e3o. Somos, sim, mulheres que movem o mundo, e nos enche de orgulho poder mostrar as diversas possibilidades da ind\u00fastria mar\u00edtima para a nova gera\u00e7\u00e3o que se forma nas escolas de Marinha Mercante.\u201d<\/p>\n<h5 class=\"text-align-justify\">Palestras e pain\u00e9is t\u00e9cnicos de alta relev\u00e2ncia<\/h5>\n<p class=\"text-align-justify\">O conte\u00fado do evento foi alinhado ao tema proposto pela Organiza\u00e7\u00e3o Mar\u00edtima Internacional (IMO) para 2025 \u2014 Um oceano de oportunidades para as mulheres \u2014, que reflete o potencial para inclus\u00e3o, inova\u00e7\u00e3o e igualdade no setor mar\u00edtimo.<\/p>\n<p class=\"text-align-justify\">Na primeira edi\u00e7\u00e3o, em 2024, os temas abordaram lideran\u00e7a, seguran\u00e7a e sustentabilidade, opera\u00e7\u00f5es de transbordo (<em>ship-to-ship<\/em>) e efici\u00eancia energ\u00e9tica. Em 2025, os debates avan\u00e7aram ainda mais, abordando os seguintes temas:<\/p>\n<p class=\"text-align-justify\">\u00a0 \u00a0\u2022 Seguran\u00e7a operacional em terra e no mar;<br \/>\n\u2022 A transi\u00e7\u00e3o de carreira do Oficial da Marinha Mercante para a Marinha do Brasil;<br \/>\n\u2022 O papel estrat\u00e9gico do Capit\u00e3o de Porto (<em>Port Captain<\/em>) como elo entre mar, porto e frota;<br \/>\n\u2022 Enfrentamento ao ass\u00e9dio no ambiente de trabalho; e<br \/>\n\u2022 Desafios e solu\u00e7\u00f5es para a Praticagem na Amaz\u00f4nia, especialmente em raz\u00e3o das restri\u00e7\u00f5es de calado provocadas pelas severas secas na regi\u00e3o.<\/p>\n<p class=\"text-align-justify\">Para a Embaixadora da Boa Vontade Mar\u00edtima da IMO (Organiza\u00e7\u00e3o Mar\u00edtima Internacional), Capit\u00e3o de Longo Curso (CLC) Fabiana Durant, \u201co evento \u2018No Mar com Elas\u2019 representa um avan\u00e7o importante na valoriza\u00e7\u00e3o da presen\u00e7a feminina no setor, promovendo o di\u00e1logo, a representatividade e o fortalecimento de pol\u00edticas voltadas \u00e0 equidade. Iniciativas assim s\u00e3o fundamentais para construirmos um ambiente mais inclusivo, onde o talento das mulheres seja reconhecido em todos os n\u00edveis da atividade mar\u00edtima.\u201d<\/p>\n<p class=\"text-align-justify\">A Pr\u00e1tica Claudia Duarte, palestrante do evento, acrescentou: \u201cSenti-me profundamente honrada em compartilhar minha experi\u00eancia recente na regi\u00e3o amaz\u00f4nica. Tenho muito orgulho de ser a primeira mulher Pr\u00e1tica na Zona de Praticagem de Manaus \u2014 uma conquista que carrego com responsabilidade. Ver mais mulheres ocupando espa\u00e7os no setor mar\u00edtimo \u00e9 inspirador, e acredito que eventos como este refor\u00e7am a import\u00e2ncia da representatividade, do di\u00e1logo t\u00e9cnico e da valoriza\u00e7\u00e3o do nosso papel na atividade mar\u00edtima.\u201d<\/p>\n<h5 class=\"text-align-justify\">Mulheres no setor mar\u00edtimo<\/h5>\n<p class=\"text-align-justify\">Em meio \u00e0 imensid\u00e3o azul que conecta continentes e impulsiona a economia global, mulheres est\u00e3o presentes no comando de embarca\u00e7\u00f5es, nas opera\u00e7\u00f5es portu\u00e1rias, na praticagem e em fun\u00e7\u00f5es estrat\u00e9gicas, ampliando sua participa\u00e7\u00e3o no setor mar\u00edtimo.<\/p>\n<p class=\"text-align-justify\">Entre essas mulheres est\u00e1 a 1\u00ba Oficial de M\u00e1quinas M\u00f4nica Ramos de Paula Nycz, que possui mais de 20 anos de experi\u00eancia no setor mar\u00edtimo. \u201cDesde crian\u00e7a, eu desmontava motores com meu pai. Sempre fui fascinada por esse universo\u201d, relembra. A vontade de atuar no mar a levou \u00e0 Escola de Forma\u00e7\u00e3o de Oficiais da Marinha Mercante (EFOMM), onde integrou a quarta turma com presen\u00e7a feminina na especialidade de M\u00e1quinas. \u201cNa \u00e9poca, eram pouqu\u00edssimas mulheres nessa \u00e1rea. Muitas vezes, eu era a \u00fanica na pra\u00e7a de m\u00e1quinas, cercada por colegas homens\u201d, recorda.<\/p>\n<p><a href=\"https:\/\/www.sincomam.org.br\/wp-content\/uploads\/2025\/05\/foto2_works_0.jpg\"><img fetchpriority=\"high\" decoding=\"async\" class=\"alignleft size-medium wp-image-59326\" src=\"https:\/\/www.sincomam.org.br\/wp-content\/uploads\/2025\/05\/foto2_works_0-179x300.jpg\" alt=\"\" width=\"179\" height=\"300\" srcset=\"https:\/\/www.sincomam.org.br\/wp-content\/uploads\/2025\/05\/foto2_works_0-179x300.jpg 179w, https:\/\/www.sincomam.org.br\/wp-content\/uploads\/2025\/05\/foto2_works_0-613x1024.jpg 613w, https:\/\/www.sincomam.org.br\/wp-content\/uploads\/2025\/05\/foto2_works_0.jpg 700w\" sizes=\"(max-width: 179px) 100vw, 179px\" \/><\/a><\/p>\n<p class=\"text-align-justify\">Atualmente, como superintendente mar\u00edtima, ela acompanha de perto a evolu\u00e7\u00e3o do setor, especialmente no segmento <em>offshore<\/em>, que tem se expandido no Brasil. \u201cPara quem deseja ingressar na Marinha Mercante, h\u00e1 um futuro promissor. A \u00e1rea de petr\u00f3leo est\u00e1 crescendo, e as oportunidades embarcadas tamb\u00e9m\u201d, destaca. Segundo a Oficial de M\u00e1quinas, as embarca\u00e7\u00f5es est\u00e3o cada vez mais preparadas para receber mulheres a bordo. \u201c\u00c9 um ambiente muito promissor, e juntas podemos transformar o mar em um espa\u00e7o seguro, produtivo e essencial para a economia do Pa\u00eds.\u201d<\/p>\n<p class=\"text-align-justify\">A presen\u00e7a de mulheres no passadi\u00e7o de comando de navios ou na lideran\u00e7a de opera\u00e7\u00f5es portu\u00e1rias representa n\u00e3o somente um avan\u00e7o na representatividade, mas tamb\u00e9m demonstra que compet\u00eancia e lideran\u00e7a est\u00e3o associadas ao m\u00e9rito, independentemente de g\u00eanero.<\/p>\n<p class=\"text-align-justify\">A CLC Hildelene Lobato Bahia foi a primeira mulher comandante da Marinha Mercante Brasileira e se tornou um s\u00edmbolo de pioneirismo no setor. \u201cMeu maior orgulho \u00e9 esse legado. \u00c9 chegar a bordo e ver mulheres ocupando todos os espa\u00e7os: em navios, plataformas, na praticagem. Isso me mostra que valeu a pena. Hoje, consigo ver que deu certo, e isso \u00e9 muito gratificante.\u201d<\/p>\n<p class=\"text-align-justify\">Enquanto mulheres experientes comandam e lideram, outras est\u00e3o iniciando sua trajet\u00f3ria. \u00c9 o caso de Gabriela Mendes Maia, aluna do segundo ano do curso de M\u00e1quinas do Centro de Instru\u00e7\u00e3o Almirante Gra\u00e7a Aranha (CIAGA).<\/p>\n<p class=\"text-align-justify\">Segundo Gabriela, os principais fatores que a motivaram a ingressar na escola foram a amplitude da carreira na Marinha Mercante e a qualidade da forma\u00e7\u00e3o oferecida. \u201cTemos professores com trajet\u00f3rias muito diversas na \u00e1rea, o que nos proporciona uma vis\u00e3o ampla sobre as possibilidades do nosso futuro profissional. Eles compartilham experi\u00eancias que nos inspiram e nos preparam para os desafios da profiss\u00e3o.\u201d<\/p>\n<p class=\"text-align-justify\">A aluna destaca ainda que escolheu o curso de M\u00e1quinas por desejar atuar diretamente na opera\u00e7\u00e3o e que sonha em trabalhar embarcada. \u201cGosto da ideia de atuar no mar, esse ambiente t\u00e3o vasto e desafiador. \u00c9 uma oportunidade \u00fanica que essa carreira oferece.\u201d<\/p>\n<p><a href=\"https:\/\/www.sincomam.org.br\/wp-content\/uploads\/2025\/05\/foto4_works_0.jpg\"><img decoding=\"async\" class=\"alignleft size-medium wp-image-59325\" src=\"https:\/\/www.sincomam.org.br\/wp-content\/uploads\/2025\/05\/foto4_works_0-300x179.jpg\" alt=\"\" width=\"300\" height=\"179\" srcset=\"https:\/\/www.sincomam.org.br\/wp-content\/uploads\/2025\/05\/foto4_works_0-300x179.jpg 300w, https:\/\/www.sincomam.org.br\/wp-content\/uploads\/2025\/05\/foto4_works_0-1024x613.jpg 1024w, https:\/\/www.sincomam.org.br\/wp-content\/uploads\/2025\/05\/foto4_works_0-768x459.jpg 768w, https:\/\/www.sincomam.org.br\/wp-content\/uploads\/2025\/05\/foto4_works_0.jpg 1170w\" sizes=\"(max-width: 300px) 100vw, 300px\" \/><\/a><\/p>\n<h5 class=\"text-align-justify\">Marinha Mercante e sua rela\u00e7\u00e3o com a Marinha do Brasil<\/h5>\n<p class=\"text-align-justify\">A Marinha Mercante \u00e9 composta por navios e profissionais civis que atuam no transporte mar\u00edtimo, fluvial e lacustre, sendo essencial para a economia brasileira ao movimentar cerca de 95% do com\u00e9rcio exterior. Embora de natureza civil, possui forte v\u00ednculo com a Marinha do Brasil (MB), que exerce a fun\u00e7\u00e3o de Autoridade Mar\u00edtima, regulando, fiscalizando e garantindo a seguran\u00e7a da navega\u00e7\u00e3o.<\/p>\n<p class=\"text-align-justify\">A rela\u00e7\u00e3o entre a Marinha Mercante e a Marinha do Brasil \u00e9 estreita. A forma\u00e7\u00e3o dos Oficiais da Marinha Mercante ocorre em institui\u00e7\u00f5es vinculadas \u00e0 MB: o Centro de Instru\u00e7\u00e3o Almirante Gra\u00e7a Aranha (CIAGA), no Rio de Janeiro, e o Centro de Instru\u00e7\u00e3o Almirante Braz de Aguiar (CIABA), em Bel\u00e9m. Os formandos da Escola de Forma\u00e7\u00e3o de Oficiais da Marinha Mercante (EFOMM) tamb\u00e9m ingressam na reserva da MB, com o posto de Segundo-Tenente, podendo ser convocados, em situa\u00e7\u00f5es de mobiliza\u00e7\u00e3o nacional ou emerg\u00eancia, para atuar na Defesa do Pa\u00eds.<\/p>\n<p class=\"text-align-justify\">A Capit\u00e3o de Corveta (T) Claudia Diniz da Silva Ver\u00e7osa \u00e9 bacharel em Ci\u00eancias N\u00e1uticas, com especializa\u00e7\u00e3o em M\u00e1quinas, pelo Centro de Instru\u00e7\u00e3o Almirante Gra\u00e7a Aranha (2001 a 2004) e bacharel em Engenharia Mec\u00e2nica pela Universidade Santa \u00darsula. Ap\u00f3s atuar na Marinha Mercante, ingressou na MB, em 2008, na especialidade de Seguran\u00e7a do Tr\u00e1fego Aquavi\u00e1rio. Serviu em diversas Capitanias dos Portos e, atualmente, est\u00e1 lotada na Diretoria de Portos e Costas. Em 2023, foi designada como representante da Autoridade Mar\u00edtima Brasileira na Rede de Mulheres da Autoridade Mar\u00edtima da Am\u00e9rica Latina (Red MAMLa).<\/p>\n<p class=\"text-align-justify\">Segundo a Comandante Claudia Diniz, sua motiva\u00e7\u00e3o para seguir a carreira mar\u00edtima surgiu da oportunidade de trabalhar embarcada e de atuar em uma \u00e1rea de grande relev\u00e2ncia. \u201cTenho voca\u00e7\u00e3o para trabalhar na \u00e1rea de M\u00e1quinas, e meu primeiro trabalho embarcada foi justamente nessa \u00e1rea, na Marinha Mercante. Posteriormente, migrei para a Marinha do Brasil, na \u00e1rea de Seguran\u00e7a do Tr\u00e1fego Aquavi\u00e1rio, que permite atuar com um prop\u00f3sito muito nobre: a seguran\u00e7a da navega\u00e7\u00e3o e a salvaguarda da vida humana no mar.\u201d<\/p>\n<p>Fonte: Ag\u00eancia Marinha de Not\u00edcias<\/p>\n","protected":false},"excerpt":{"rendered":"<p>O II Workshop \u201cNo Mar com Elas\u201d foi realizado na ter\u00e7a-feira, 27 de maio, no Centro de Instru\u00e7\u00e3o Almirante Gra\u00e7a Aranha (CIAGA), em comemora\u00e7\u00e3o ao&#8230;<\/p>\n","protected":false},"author":1527,"featured_media":0,"comment_status":"closed","ping_status":"closed","sticky":false,"template":"","format":"standard","meta":{"footnotes":""},"categories":[6],"tags":[],"class_list":["post-59323","post","type-post","status-publish","format-standard","hentry","category-noticias"],"_links":{"self":[{"href":"https:\/\/www.sincomam.org.br\/index.php\/wp-json\/wp\/v2\/posts\/59323","targetHints":{"allow":["GET"]}}],"collection":[{"href":"https:\/\/www.sincomam.org.br\/index.php\/wp-json\/wp\/v2\/posts"}],"about":[{"href":"https:\/\/www.sincomam.org.br\/index.php\/wp-json\/wp\/v2\/types\/post"}],"author":[{"embeddable":true,"href":"https:\/\/www.sincomam.org.br\/index.php\/wp-json\/wp\/v2\/users\/1527"}],"replies":[{"embeddable":true,"href":"https:\/\/www.sincomam.org.br\/index.php\/wp-json\/wp\/v2\/comments?post=59323"}],"version-history":[{"count":1,"href":"https:\/\/www.sincomam.org.br\/index.php\/wp-json\/wp\/v2\/posts\/59323\/revisions"}],"predecessor-version":[{"id":59327,"href":"https:\/\/www.sincomam.org.br\/index.php\/wp-json\/wp\/v2\/posts\/59323\/revisions\/59327"}],"wp:attachment":[{"href":"https:\/\/www.sincomam.org.br\/index.php\/wp-json\/wp\/v2\/media?parent=59323"}],"wp:term":[{"taxonomy":"category","embeddable":true,"href":"https:\/\/www.sincomam.org.br\/index.php\/wp-json\/wp\/v2\/categories?post=59323"},{"taxonomy":"post_tag","embeddable":true,"href":"https:\/\/www.sincomam.org.br\/index.php\/wp-json\/wp\/v2\/tags?post=59323"}],"curies":[{"name":"wp","href":"https:\/\/api.w.org\/{rel}","templated":true}]}}