{"id":59306,"date":"2025-05-29T12:02:27","date_gmt":"2025-05-29T15:02:27","guid":{"rendered":"https:\/\/www.sincomam.org.br\/?p=59306"},"modified":"2025-05-29T12:02:27","modified_gmt":"2025-05-29T15:02:27","slug":"diretor-da-antaq-fala-sobre-arrendamento-definitivo-do-porto-de-itajai-sc-em-evento","status":"publish","type":"post","link":"https:\/\/www.sincomam.org.br\/index.php\/diretor-da-antaq-fala-sobre-arrendamento-definitivo-do-porto-de-itajai-sc-em-evento\/","title":{"rendered":"Diretor da ANTAQ fala sobre arrendamento definitivo do Porto de Itaja\u00ed (SC) em evento"},"content":{"rendered":"<p dir=\"ltr\">O diretor da Ag\u00eancia Nacional de Transportes Aquavi\u00e1rios (ANTAQ), Wilson Lima Filho, fez apresenta\u00e7\u00e3o sobre o processo de concess\u00e3o do arrendamento definitivo do terminal de cont\u00eaineres do Porto de Itaja\u00ed (SC).<\/p>\n<p dir=\"ltr\">Ele destacou ainda a relev\u00e2ncia e o papel estrat\u00e9gico da instala\u00e7\u00e3o para a regi\u00e3o Sul do pa\u00eds, na \u00faltima quinta-feira (22), durante o painel \u201cSC PORTOS &#8211; Desafios e Oportunidades dos Portos Catarinenses\u201d, no evento Global Trade Summit, realizado em Balne\u00e1rio Cambori\u00fa (SC) entre os dias 21 e 23 de maio.<\/p>\n<p dir=\"ltr\">Como relator, o diretor esclareceu que o processo de licita\u00e7\u00e3o foi desmembrado. Ou seja, primeiro ocorrer\u00e1 a concess\u00e3o do canal de acesso, e, posteriormente, o leil\u00e3o para o arrendamento do terminal de cont\u00eaineres e carga geral.<\/p>\n<p dir=\"ltr\">Com os investimentos previstos, ser\u00e1 poss\u00edvel expandir o p\u00e1tio do porto de forma compat\u00edvel com a expans\u00e3o da poligonal, realizar a\u00e7\u00f5es voltadas para a redu\u00e7\u00e3o de emiss\u00f5es de gases de efeito estufa, entre outros pontos. O leil\u00e3o tamb\u00e9m vai aumentar a capacidade do porto, reduzir custos e criar empregos e renda para o munic\u00edpio e o entorno.<\/p>\n<p dir=\"ltr\">Com a concess\u00e3o ser\u00e1 poss\u00edvel retomar as opera\u00e7\u00f5es portu\u00e1rias em Itaja\u00ed de forma estruturada e com seguran\u00e7a jur\u00eddica para a regi\u00e3o, al\u00e9m de garantir o est\u00edmulo \u00e0 efici\u00eancia log\u00edstica na regi\u00e3o Sul do pa\u00eds e a competitividade portu\u00e1ria.<\/p>\n<p dir=\"ltr\">O evento contou com a participa\u00e7\u00e3o do secret\u00e1rio Nacional de Portos, do Minist\u00e9rio de Portos e Aeroportos, Alex \u00c1vila, e do diretor-presidente da Autoridade Portu\u00e1ria de Santos, Anderson Pomini.<\/p>\n<p dir=\"ltr\">Fonte: Antaq<\/p>\n","protected":false},"excerpt":{"rendered":"<p>O diretor da Ag\u00eancia Nacional de Transportes Aquavi\u00e1rios (ANTAQ), Wilson Lima Filho, fez apresenta\u00e7\u00e3o sobre o processo de concess\u00e3o do arrendamento definitivo do terminal de&#8230;<\/p>\n","protected":false},"author":1527,"featured_media":59308,"comment_status":"closed","ping_status":"closed","sticky":false,"template":"","format":"standard","meta":{"footnotes":""},"categories":[6],"tags":[],"class_list":["post-59306","post","type-post","status-publish","format-standard","has-post-thumbnail","hentry","category-noticias"],"_links":{"self":[{"href":"https:\/\/www.sincomam.org.br\/index.php\/wp-json\/wp\/v2\/posts\/59306","targetHints":{"allow":["GET"]}}],"collection":[{"href":"https:\/\/www.sincomam.org.br\/index.php\/wp-json\/wp\/v2\/posts"}],"about":[{"href":"https:\/\/www.sincomam.org.br\/index.php\/wp-json\/wp\/v2\/types\/post"}],"author":[{"embeddable":true,"href":"https:\/\/www.sincomam.org.br\/index.php\/wp-json\/wp\/v2\/users\/1527"}],"replies":[{"embeddable":true,"href":"https:\/\/www.sincomam.org.br\/index.php\/wp-json\/wp\/v2\/comments?post=59306"}],"version-history":[{"count":1,"href":"https:\/\/www.sincomam.org.br\/index.php\/wp-json\/wp\/v2\/posts\/59306\/revisions"}],"predecessor-version":[{"id":59309,"href":"https:\/\/www.sincomam.org.br\/index.php\/wp-json\/wp\/v2\/posts\/59306\/revisions\/59309"}],"wp:featuredmedia":[{"embeddable":true,"href":"https:\/\/www.sincomam.org.br\/index.php\/wp-json\/wp\/v2\/media\/59308"}],"wp:attachment":[{"href":"https:\/\/www.sincomam.org.br\/index.php\/wp-json\/wp\/v2\/media?parent=59306"}],"wp:term":[{"taxonomy":"category","embeddable":true,"href":"https:\/\/www.sincomam.org.br\/index.php\/wp-json\/wp\/v2\/categories?post=59306"},{"taxonomy":"post_tag","embeddable":true,"href":"https:\/\/www.sincomam.org.br\/index.php\/wp-json\/wp\/v2\/tags?post=59306"}],"curies":[{"name":"wp","href":"https:\/\/api.w.org\/{rel}","templated":true}]}}