{"id":59298,"date":"2025-05-29T11:45:53","date_gmt":"2025-05-29T14:45:53","guid":{"rendered":"https:\/\/www.sincomam.org.br\/?p=59298"},"modified":"2025-05-29T11:47:31","modified_gmt":"2025-05-29T14:47:31","slug":"cembra-propoe-transformar-o-mar-brasileiro-em-prioridade-nacional","status":"publish","type":"post","link":"https:\/\/www.sincomam.org.br\/index.php\/cembra-propoe-transformar-o-mar-brasileiro-em-prioridade-nacional\/","title":{"rendered":"Cembra prop\u00f5e transformar o mar brasileiro em prioridade nacional"},"content":{"rendered":"<p data-start=\"242\" data-end=\"660\">Em um esfor\u00e7o para reposicionar o\u00a0mar brasileiro\u00a0como elemento central da estrat\u00e9gia nacional, o\u00a0Centro de Excel\u00eancia para o Mar Brasileiro (Cembra)\u00a0lan\u00e7ou um caderno in\u00e9dito com diretrizes para o fortalecimento da\u00a0ci\u00eancia, tecnologia e inova\u00e7\u00e3o na Amaz\u00f4nia Azul.\u00a0O documento busca consolidar o oceano como vetor de\u00a0desenvolvimento sustent\u00e1vel,\u00a0soberania e gera\u00e7\u00e3o de riqueza para o Brasil.<\/p>\n<h3 data-start=\"667\" data-end=\"735\">Iniciativas tecnol\u00f3gicas e cient\u00edficas propostas pelo Cembra<\/h3>\n<p data-start=\"737\" data-end=\"1165\">O\u00a0Caderno de Ci\u00eancia, Tecnologia e Inova\u00e7\u00e3o no Mar, lan\u00e7ado pelo\u00a0Cembra\u00a0em parceria com a\u00a0Funda\u00e7\u00e3o de Estudos do Mar (FEMAR), apresenta um panorama ambicioso: integrar ci\u00eancia, governo e setor produtivo para fomentar a economia do mar. O documento prop\u00f5e investimentos priorit\u00e1rios em \u00e1reas como\u00a0observa\u00e7\u00e3o oce\u00e2nica, biotecnologia marinha, pesca sustent\u00e1vel, maricultura, constru\u00e7\u00e3o naval e tecnologias digitais.<\/p>\n<p data-start=\"1167\" data-end=\"1681\">Um dos pontos cr\u00edticos destacados \u00e9 a cria\u00e7\u00e3o de um\u00a0reposit\u00f3rio nacional de dados oceanogr\u00e1ficos. Segundo o Professor Doutor Sidney Mello, da UFF, \u201csem dados, n\u00e3o h\u00e1 soberania e nem inova\u00e7\u00e3o\u201d. O caderno tamb\u00e9m enfatiza a urg\u00eancia em ampliar a\u00a0frota de pesquisa cient\u00edfica mar\u00edtima, equipar os centros de estudos com\u00a0ve\u00edculos remotamente operados (ROVs)\u00a0e desenvolver projetos que fortale\u00e7am o conhecimento da biodiversidade, geologia e clima em pontos estrat\u00e9gicos como a Ilha de S\u00e3o Pedro e S\u00e3o Paulo.<\/p>\n<div class=\"code-block code-block-7\">\n<h3 data-start=\"1688\" data-end=\"1748\"><strong data-start=\"1692\" data-end=\"1748\">Import\u00e2ncia estrat\u00e9gica e ambiental da Amaz\u00f4nia Azul<\/strong><\/h3>\n<p data-start=\"1750\" data-end=\"2172\">A\u00a0Amaz\u00f4nia Azul, nome dado \u00e0 vasta extens\u00e3o mar\u00edtima sob jurisdi\u00e7\u00e3o brasileira, representa mais de 5,7 milh\u00f5es de km\u00b2 e abriga riquezas inestim\u00e1veis. Al\u00e9m de concentrar recursos minerais e pesqueiros, a regi\u00e3o \u00e9 essencial para o equil\u00edbrio ambiental e clim\u00e1tico do planeta. Por isso, a proposta do\u00a0Cembra\u00a0se alinha \u00e0\u00a0D\u00e9cada da Ci\u00eancia Oce\u00e2nica para o Desenvolvimento Sustent\u00e1vel (2021\u20132030), liderada pela ONU.<\/p>\n<p data-start=\"2174\" data-end=\"2639\">O documento reconhece que a\u00a0preserva\u00e7\u00e3o dos ecossistemas marinhos\u00a0\u00e9 insepar\u00e1vel da explora\u00e7\u00e3o econ\u00f4mica. A abordagem sugerida \u00e9 baseada na\u00a0ci\u00eancia de evid\u00eancias\u00a0e na ado\u00e7\u00e3o de tecnologias limpas para reduzir impactos ambientais. A participa\u00e7\u00e3o ativa da\u00a0Marinha do Brasil\u00a0e de universidades refor\u00e7a o compromisso com o\u00a0uso sustent\u00e1vel e respons\u00e1vel dos recursos mar\u00edtimos, protegendo tanto a biodiversidade quanto as comunidades costeiras e tradicionais.<\/p>\n<h3 data-start=\"2646\" data-end=\"2711\"><strong data-start=\"2650\" data-end=\"2711\">Economia azul como motor de inova\u00e7\u00e3o e soberania nacional<\/strong><\/h3>\n<p data-start=\"2713\" data-end=\"3101\">Al\u00e9m de seu valor ecol\u00f3gico, o mar brasileiro tem potencial para se tornar um dos principais motores de\u00a0inova\u00e7\u00e3o, gera\u00e7\u00e3o de empregos e competitividade internacional. O caderno sugere aproveitar o enorme potencial brasileiro em\u00a0energia e\u00f3lica offshore\u00a0e\u00a0correntes mar\u00edtimas\u00a0como fontes renov\u00e1veis, al\u00e9m de integrar projetos de\u00a0hidrog\u00eanio verde\u00a0ao setor naval e energ\u00e9tico.<\/p>\n<p data-start=\"3103\" data-end=\"3534\">Para o presidente da FEMAR, Almirante de Esquadra Marcelo Francisco Campos, \u201c\u00e9 preciso agregar valor \u00e0 produ\u00e7\u00e3o mar\u00edtima nacional, assim como j\u00e1 fazemos na ind\u00fastria aeron\u00e1utica e de defesa\u201d. O pa\u00eds ainda exporta muitos produtos marinhos in natura, e o fortalecimento da\u00a0economia azul\u00a0pode mudar essa realidade, promovendo\u00a0ind\u00fastria de transforma\u00e7\u00e3o, inova\u00e7\u00e3o tecnol\u00f3gica e aumento da soberania sobre o territ\u00f3rio mar\u00edtimo.<\/p>\n<p data-start=\"3103\" data-end=\"3534\">Fonte Defesa em Foco<\/p>\n<\/div>\n","protected":false},"excerpt":{"rendered":"<p>Em um esfor\u00e7o para reposicionar o\u00a0mar brasileiro\u00a0como elemento central da estrat\u00e9gia nacional, o\u00a0Centro de Excel\u00eancia para o Mar Brasileiro (Cembra)\u00a0lan\u00e7ou um caderno in\u00e9dito com diretrizes&#8230;<\/p>\n","protected":false},"author":1527,"featured_media":59300,"comment_status":"closed","ping_status":"closed","sticky":false,"template":"","format":"standard","meta":{"footnotes":""},"categories":[6],"tags":[],"class_list":["post-59298","post","type-post","status-publish","format-standard","has-post-thumbnail","hentry","category-noticias"],"_links":{"self":[{"href":"https:\/\/www.sincomam.org.br\/index.php\/wp-json\/wp\/v2\/posts\/59298","targetHints":{"allow":["GET"]}}],"collection":[{"href":"https:\/\/www.sincomam.org.br\/index.php\/wp-json\/wp\/v2\/posts"}],"about":[{"href":"https:\/\/www.sincomam.org.br\/index.php\/wp-json\/wp\/v2\/types\/post"}],"author":[{"embeddable":true,"href":"https:\/\/www.sincomam.org.br\/index.php\/wp-json\/wp\/v2\/users\/1527"}],"replies":[{"embeddable":true,"href":"https:\/\/www.sincomam.org.br\/index.php\/wp-json\/wp\/v2\/comments?post=59298"}],"version-history":[{"count":1,"href":"https:\/\/www.sincomam.org.br\/index.php\/wp-json\/wp\/v2\/posts\/59298\/revisions"}],"predecessor-version":[{"id":59301,"href":"https:\/\/www.sincomam.org.br\/index.php\/wp-json\/wp\/v2\/posts\/59298\/revisions\/59301"}],"wp:featuredmedia":[{"embeddable":true,"href":"https:\/\/www.sincomam.org.br\/index.php\/wp-json\/wp\/v2\/media\/59300"}],"wp:attachment":[{"href":"https:\/\/www.sincomam.org.br\/index.php\/wp-json\/wp\/v2\/media?parent=59298"}],"wp:term":[{"taxonomy":"category","embeddable":true,"href":"https:\/\/www.sincomam.org.br\/index.php\/wp-json\/wp\/v2\/categories?post=59298"},{"taxonomy":"post_tag","embeddable":true,"href":"https:\/\/www.sincomam.org.br\/index.php\/wp-json\/wp\/v2\/tags?post=59298"}],"curies":[{"name":"wp","href":"https:\/\/api.w.org\/{rel}","templated":true}]}}