{"id":59281,"date":"2025-05-29T11:29:13","date_gmt":"2025-05-29T14:29:13","guid":{"rendered":"https:\/\/www.sincomam.org.br\/?p=59281"},"modified":"2025-05-29T11:29:18","modified_gmt":"2025-05-29T14:29:18","slug":"portos-do-parana-emite-alerta-para-temporais-e-ventos-fortes","status":"publish","type":"post","link":"https:\/\/www.sincomam.org.br\/index.php\/portos-do-parana-emite-alerta-para-temporais-e-ventos-fortes\/","title":{"rendered":"Portos do Paran\u00e1 emite alerta para temporais e ventos fortes"},"content":{"rendered":"<p>A Portos do Paran\u00e1 emitiu comunicado alertando empresas portu\u00e1rias e trabalhadores para a possibilidade de temporais, nesta quarta-feira (28), com riscos de raios e ventos fortes, devido \u00e0 aproxima\u00e7\u00e3o de uma frente fria. Na quinta-feira (29), a previs\u00e3o \u00e9 de tempo inst\u00e1vel com chuvas entre a madrugada e a manh\u00e3, al\u00e9m de rajadas de vento de at\u00e9 20 n\u00f3s (37 km\/h), que podem afetar opera\u00e7\u00f5es com guindastes e estruturas elevadas.<\/p>\n<p>Diante do cen\u00e1rio, a orienta\u00e7\u00e3o \u00e9 para o monitoramento constante das condi\u00e7\u00f5es meteorol\u00f3gicas e realiza\u00e7\u00e3o de inspe\u00e7\u00f5es emergenciais em telhados, calhas, estruturas de armaz\u00e9ns e equipamentos. Tamb\u00e9m deve haver refor\u00e7o imediato nas orienta\u00e7\u00f5es aos trabalhadores quanto ao uso de equipamentos de prote\u00e7\u00e3o individual (EPIs), especialmente os antiderrapantes e de prote\u00e7\u00e3o contra quedas. As medidas seguem os procedimentos operacionais da autoridade portu\u00e1ria para garantir a seguran\u00e7a das atividades durante o per\u00edodo de vigil\u00e2ncia, que vai da tarde do dia 28 at\u00e9 o dia 29 de maio.<\/p>\n<p>Fonte: Portos e Navios<\/p>\n","protected":false},"excerpt":{"rendered":"<p>A Portos do Paran\u00e1 emitiu comunicado alertando empresas portu\u00e1rias e trabalhadores para a possibilidade de temporais, nesta quarta-feira (28), com riscos de raios e ventos&#8230;<\/p>\n","protected":false},"author":1527,"featured_media":59283,"comment_status":"closed","ping_status":"closed","sticky":false,"template":"","format":"standard","meta":{"footnotes":""},"categories":[6],"tags":[],"class_list":["post-59281","post","type-post","status-publish","format-standard","has-post-thumbnail","hentry","category-noticias"],"_links":{"self":[{"href":"https:\/\/www.sincomam.org.br\/index.php\/wp-json\/wp\/v2\/posts\/59281","targetHints":{"allow":["GET"]}}],"collection":[{"href":"https:\/\/www.sincomam.org.br\/index.php\/wp-json\/wp\/v2\/posts"}],"about":[{"href":"https:\/\/www.sincomam.org.br\/index.php\/wp-json\/wp\/v2\/types\/post"}],"author":[{"embeddable":true,"href":"https:\/\/www.sincomam.org.br\/index.php\/wp-json\/wp\/v2\/users\/1527"}],"replies":[{"embeddable":true,"href":"https:\/\/www.sincomam.org.br\/index.php\/wp-json\/wp\/v2\/comments?post=59281"}],"version-history":[{"count":1,"href":"https:\/\/www.sincomam.org.br\/index.php\/wp-json\/wp\/v2\/posts\/59281\/revisions"}],"predecessor-version":[{"id":59284,"href":"https:\/\/www.sincomam.org.br\/index.php\/wp-json\/wp\/v2\/posts\/59281\/revisions\/59284"}],"wp:featuredmedia":[{"embeddable":true,"href":"https:\/\/www.sincomam.org.br\/index.php\/wp-json\/wp\/v2\/media\/59283"}],"wp:attachment":[{"href":"https:\/\/www.sincomam.org.br\/index.php\/wp-json\/wp\/v2\/media?parent=59281"}],"wp:term":[{"taxonomy":"category","embeddable":true,"href":"https:\/\/www.sincomam.org.br\/index.php\/wp-json\/wp\/v2\/categories?post=59281"},{"taxonomy":"post_tag","embeddable":true,"href":"https:\/\/www.sincomam.org.br\/index.php\/wp-json\/wp\/v2\/tags?post=59281"}],"curies":[{"name":"wp","href":"https:\/\/api.w.org\/{rel}","templated":true}]}}