{"id":5927,"date":"2014-06-09T08:08:53","date_gmt":"2014-06-09T11:08:53","guid":{"rendered":"http:\/\/www.sincomam.org.br\/?p=5927"},"modified":"2014-06-06T22:32:07","modified_gmt":"2014-06-07T01:32:07","slug":"associacoes-criticam-regulamentacao-da-lei-dos-portos","status":"publish","type":"post","link":"https:\/\/www.sincomam.org.br\/index.php\/associacoes-criticam-regulamentacao-da-lei-dos-portos\/","title":{"rendered":"Associa\u00e7\u00f5es criticam regulamenta\u00e7\u00e3o da Lei dos Portos"},"content":{"rendered":"<p>Com uma amea\u00e7a de paralisa\u00e7\u00e3o dos estivadores, prevista para o pr\u00f3ximo dia 10 de junho, o setor portu\u00e1rio n\u00e3o tem o que comemorar um ano ap\u00f3s os debates sobre a nova Lei dos Portos. A Comiss\u00e3o dos Portos, movimento que re\u00fane associa\u00e7\u00f5es ligadas \u00e0 gest\u00e3o e opera\u00e7\u00e3o do setor, tece duras cr\u00edticas \u00e0 regulamenta\u00e7\u00e3o da lei, considerada diferente das propostas discutidas com o governo na quest\u00e3o trabalhista, com diferencia\u00e7\u00e3o de categorias e sindicatos.<\/p>\n<p>&#8220;O discurso da presidente Dilma Rousseff, na \u00e9poca, era m\u00fasica para os nossos ouvidos. Mas na regulamenta\u00e7\u00e3o, o que foi escrito n\u00e3o \u00e9 o que esper\u00e1vamos. \u00c9 um retrocesso&#8221;, avalia o presidente da Comiss\u00e3o, Eduardo Paes de Barros. &#8220;A legisla\u00e7\u00e3o s\u00f3 favorece aos dirigentes sindicais, mas n\u00e3o aos trabalhadores. Perdemos uma oportunidade de simplificar a legisla\u00e7\u00e3o, com interesse em ganhar competitividade&#8221;, defende.<\/p>\n<p>A cr\u00edtica do setor \u00e9 em rela\u00e7\u00e3o \u00e0 diferencia\u00e7\u00e3o das categorias (como estivador, conferencistas, capatazia, entre outras), cada uma com seu pr\u00f3prio sindicato. Al\u00e9m disso, s\u00e3o questionadas a obrigatoriedade de contrata\u00e7\u00e3o via \u00d3rg\u00e3o Gestor da M\u00e3o de Obra (OGMO) e dificuldades de cancelamento de registro dos profissionais, em caso de aposentadoria.<\/p>\n<p>&#8220;S\u00e3o tr\u00eas inconsist\u00eancias que aumentam o custo portu\u00e1rio. N\u00e3o precisamos mais de muitos funcion\u00e1rios, mas de poucos e qualificados. As cargas s\u00e3o outras, a metodologia portu\u00e1ria tamb\u00e9m. \u00c9 preciso velocidade na opera\u00e7\u00e3o&#8221;, afirmou Wagner Moreira, diretor t\u00e9cnico da Associa\u00e7\u00e3o Brasileira de Terminais Portu\u00e1rios (ABTP), durante reuni\u00e3o do setor, no Rio.<\/p>\n<p>Os executivos tamb\u00e9m questionam a &#8220;seguran\u00e7a jur\u00eddica&#8221; para novos investimentos. &#8220;Muitos aspectos da regulamenta\u00e7\u00e3o t\u00eam restri\u00e7\u00f5es definidas &#8216;a crit\u00e9rio do poder concedente&#8217;. Isso leva o investidor a ter medo do processo. H\u00e1 contratos prontos ou em negocia\u00e7\u00e3o que foram paralisados&#8221;, argumenta Barros.<\/p>\n<p>A carga burocr\u00e1tica e fiscal tamb\u00e9m s\u00e3o alvo de cr\u00edticas, assim como o aparelhamento de postos da governan\u00e7a do setor por indica\u00e7\u00f5es pol\u00edticas e n\u00e3o t\u00e9cnicas. Na vis\u00e3o do setor, mesmo iniciativas como o programa Porto 24 Horas e Porto Sem Papel t\u00eam falhas e n\u00e3o apresentaram os avan\u00e7os esperados. &#8220;O processo burocr\u00e1tico para ampliar os po\u00e7os \u00e9 t\u00e3o grande quanto receber uma nova concess\u00e3o. Sem simplificar esse processo, o Pa\u00eds corre o risco de n\u00e3o receber os novos e maiores navios&#8221;, afirmou o presidente da Comiss\u00e3o.<\/p>\n<p>Fonte: Jornal do Commercio (PE)\/Da AE<\/p>\n","protected":false},"excerpt":{"rendered":"<p>Com uma amea\u00e7a de paralisa\u00e7\u00e3o dos estivadores, prevista para o pr\u00f3ximo dia 10 de junho, o setor portu\u00e1rio n\u00e3o tem o que comemorar um ano&#8230;<\/p>\n","protected":false},"author":1182,"featured_media":3197,"comment_status":"closed","ping_status":"closed","sticky":false,"template":"","format":"standard","meta":{"footnotes":""},"categories":[6],"tags":[],"class_list":["post-5927","post","type-post","status-publish","format-standard","has-post-thumbnail","hentry","category-noticias"],"_links":{"self":[{"href":"https:\/\/www.sincomam.org.br\/index.php\/wp-json\/wp\/v2\/posts\/5927","targetHints":{"allow":["GET"]}}],"collection":[{"href":"https:\/\/www.sincomam.org.br\/index.php\/wp-json\/wp\/v2\/posts"}],"about":[{"href":"https:\/\/www.sincomam.org.br\/index.php\/wp-json\/wp\/v2\/types\/post"}],"author":[{"embeddable":true,"href":"https:\/\/www.sincomam.org.br\/index.php\/wp-json\/wp\/v2\/users\/1182"}],"replies":[{"embeddable":true,"href":"https:\/\/www.sincomam.org.br\/index.php\/wp-json\/wp\/v2\/comments?post=5927"}],"version-history":[{"count":1,"href":"https:\/\/www.sincomam.org.br\/index.php\/wp-json\/wp\/v2\/posts\/5927\/revisions"}],"predecessor-version":[{"id":5928,"href":"https:\/\/www.sincomam.org.br\/index.php\/wp-json\/wp\/v2\/posts\/5927\/revisions\/5928"}],"wp:featuredmedia":[{"embeddable":true,"href":"https:\/\/www.sincomam.org.br\/index.php\/wp-json\/wp\/v2\/media\/3197"}],"wp:attachment":[{"href":"https:\/\/www.sincomam.org.br\/index.php\/wp-json\/wp\/v2\/media?parent=5927"}],"wp:term":[{"taxonomy":"category","embeddable":true,"href":"https:\/\/www.sincomam.org.br\/index.php\/wp-json\/wp\/v2\/categories?post=5927"},{"taxonomy":"post_tag","embeddable":true,"href":"https:\/\/www.sincomam.org.br\/index.php\/wp-json\/wp\/v2\/tags?post=5927"}],"curies":[{"name":"wp","href":"https:\/\/api.w.org\/{rel}","templated":true}]}}