{"id":59261,"date":"2025-05-28T09:29:53","date_gmt":"2025-05-28T12:29:53","guid":{"rendered":"https:\/\/www.sincomam.org.br\/?p=59261"},"modified":"2025-05-28T09:29:53","modified_gmt":"2025-05-28T12:29:53","slug":"marinha-do-brasil-participa-das-celebracoes-dos-214-anos-de-independencia-do-paraguai","status":"publish","type":"post","link":"https:\/\/www.sincomam.org.br\/index.php\/marinha-do-brasil-participa-das-celebracoes-dos-214-anos-de-independencia-do-paraguai\/","title":{"rendered":"Marinha do Brasil participa das celebra\u00e7\u00f5es dos 214 anos de Independ\u00eancia do Paraguai"},"content":{"rendered":"<p class=\"text-align-justify\">Ap\u00f3s uma s\u00e9rie de atividades institucionais e culturais realizadas em Assun\u00e7\u00e3o, a Marinha do Brasil (MB) concluiu, nesta ter\u00e7a-feira (27), sua participa\u00e7\u00e3o nas celebra\u00e7\u00f5es dos 214 anos de Independ\u00eancia do Paraguai. O Navio-Transporte Fluvial (NTrFlu) \u201cAlmirante Leverger\u201d e o Navio-Patrulha (NPa) \u201cPiraj\u00e1\u201d, subordinados ao Comando da Flotilha de Mato Grosso, integraram a Comiss\u00e3o \u201cPlatina 2025\u201d e permaneceram atracados no Porto de Assun\u00e7\u00e3o entre os dias 9 e 18 de maio.<\/p>\n<p class=\"text-align-justify\">Ao longo da comiss\u00e3o, cerca de 170 militares do Comando do 6\u00ba Distrito Naval (Com6\u00baDN), sediado em Lad\u00e1rio (MS), participaram das atividades, que inclu\u00edram a cerim\u00f4nia de hasteamento do Pavilh\u00e3o Nacional no Pal\u00e1cio L\u00f3pez, sede do governo da Rep\u00fablica do Paraguai, a visita\u00e7\u00e3o p\u00fablica ao NTrFlu \u201cAlmirante Leverger\u201d e apresenta\u00e7\u00f5es da Banda de M\u00fasica do Com6\u00baDN, composta por m\u00fasicos Fuzileiros Navais do 3\u00ba Batalh\u00e3o de Opera\u00e7\u00f5es Ribeirinhas.<\/p>\n<p>Durante a estadia na capital paraguaia, tamb\u00e9m foram realizadas a\u00e7\u00f5es de representa\u00e7\u00e3o diplom\u00e1tica, com visitas institucionais a autoridades civis e militares. Para o Comandante da Flotilha de Mato Grosso, Capit\u00e3o de Mar e Guerra Cezar Batista Cunha Santos, a \u201cPlatina\u201d promove o estreitamento de la\u00e7os entre a Marinha do Brasil e a Armada do Paraguai, refor\u00e7ando a diplomacia inerente ao Poder Naval e a capacidade log\u00edstica dos meios brasileiros para atuar em regi\u00f5es distantes da sede, al\u00e9m de proporcionar valiosos aprendizados para a tripula\u00e7\u00e3o.<\/p>\n<h5 class=\"text-align-justify\">Visita\u00e7\u00e3o p\u00fablica ao NTrFlu \u201cAlmirante Leverger\u201d<\/h5>\n<p class=\"text-align-justify\">Durante os dias em que os navios estiveram atracados no Porto de Assun\u00e7\u00e3o, entre 9 e 18 de maio, foi realizada visita\u00e7\u00e3o p\u00fablica ao NTrFlu \u201cAlmirante Leverger\u201d. A atividade ocorreu nos dois finais de semana e nos feriados nacionais paraguaios, 14 e 15 de maio, que celebram, respectivamente, a Independ\u00eancia e o Dia das M\u00e3es. Cerca de 5 mil pessoas, entre estudantes, fam\u00edlias e autoridades locais, visitaram o navio brasileiro, demonstrando o interesse da popula\u00e7\u00e3o paraguaia pelas atividades da MB.<\/p>\n<p class=\"text-align-justify\">Entre os visitantes, a paraguaia Tania Paredes, acompanhada do filho, expressou sua emo\u00e7\u00e3o ao conhecer de perto um navio brasileiro. \u201c\u00c9 uma honra receber meus irm\u00e3os brasileiros aqui no Porto de Assun\u00e7\u00e3o. Estou profundamente agradecida por esta experi\u00eancia e desejo muito sucesso ao povo do Brasil. Que continuem vindo ao Paraguai para compartilhar ainda mais conhecimento\u201d, comentou.<\/p>\n<h5 class=\"text-align-justify\">Coopera\u00e7\u00e3o da avia\u00e7\u00e3o naval brasileira na \u2018Platina\u2019<\/h5>\n<p class=\"text-align-justify\">Uma aeronave UH-12, do 1\u00ba Esquadr\u00e3o de Helic\u00f3pteros de Emprego Geral do Oeste (EsqdHU-61), tamb\u00e9m participou das comemora\u00e7\u00f5es, refor\u00e7ando o pronto emprego do Poder Naval brasileiro. Durante a comiss\u00e3o, a convite da For\u00e7a Naval da Armada Paraguaia, o Comandante do EsqdHU-61, Capit\u00e3o de Fragata Rafael de Azevedo Pereira, ministrou uma palestra sobre a avia\u00e7\u00e3o naval brasileira.<\/p>\n<p class=\"text-align-justify\">Na apresenta\u00e7\u00e3o, foram abordados aspectos hist\u00f3ricos da avia\u00e7\u00e3o naval no Brasil, os esquadr\u00f5es e as aeronaves da Marinha, al\u00e9m de pr\u00e1ticas e medidas preventivas adotadas para garantir a seguran\u00e7a nas opera\u00e7\u00f5es a\u00e9reas.<\/p>\n<h5 class=\"text-align-justify\">Apresenta\u00e7\u00f5es refor\u00e7am la\u00e7os culturais entre Brasil e Paraguai<\/h5>\n<p class=\"text-align-justify\">Com um repert\u00f3rio variado de can\u00e7\u00f5es militares e populares brasileiras, a Banda de M\u00fasica do Com6\u00baDN tamb\u00e9m marcou presen\u00e7a em eventos oficiais e culturais durante a comiss\u00e3o em Assun\u00e7\u00e3o. A primeira apresenta\u00e7\u00e3o ocorreu no dia 14 de maio, no Pante\u00e3o Nacional dos Her\u00f3is, seguida da cerim\u00f4nia de hasteamento do Pavilh\u00e3o Nacional, que marcou as celebra\u00e7\u00f5es da Independ\u00eancia do Paraguai.<\/p>\n<p class=\"text-align-justify\">A segunda apresenta\u00e7\u00e3o foi realizada na Escola B\u00e1sica n\u00ba 3 \u201cRep\u00fablica do Brasil\u201d, em um evento que contou com a participa\u00e7\u00e3o de alunos, professores e representantes da MB. A atividade simbolizou um interc\u00e2mbio cultural entre os dois pa\u00edses e contou com a presen\u00e7a do Embaixador do Brasil no Paraguai, Jos\u00e9 Ant\u00f4nio Marcondes de Carvalho, e do Comandante do 6\u00ba Distrito Naval, Contra-Almirante Alexandre Amendoeira Nunes.<\/p>\n<figure class=\"bg-light p-3 p-md-5 my-3 rounded\">\n<blockquote class=\"blockquote\"><p>\u201cHoje foi um daqueles dias que ficam marcados no cora\u00e7\u00e3o da escola. Receber essa visita t\u00e3o especial foi uma verdadeira alegria para todos n\u00f3s. Os m\u00fasicos encantaram nossos alunos e professores, e confesso que quase fui l\u00e1 dan\u00e7ar junto com as crian\u00e7as. Ver nossos pequenos t\u00e3o felizes, t\u00e3o empolgados, \u00e9 o que realmente nos emociona e nos d\u00e1 ainda mais for\u00e7a para continuar esse trabalho t\u00e3o bonito que \u00e9 a educa\u00e7\u00e3o\u201d, ressaltou a Diretora Asunci\u00f3n Vall.<\/p><\/blockquote>\n<\/figure>\n<p>Fonte: Ag\u00eancia Marinha de Not\u00edcias<\/p>\n<p>&nbsp;<\/p>\n","protected":false},"excerpt":{"rendered":"<p>Ap\u00f3s uma s\u00e9rie de atividades institucionais e culturais realizadas em Assun\u00e7\u00e3o, a Marinha do Brasil (MB) concluiu, nesta ter\u00e7a-feira (27), sua participa\u00e7\u00e3o nas celebra\u00e7\u00f5es dos&#8230;<\/p>\n","protected":false},"author":1527,"featured_media":59263,"comment_status":"closed","ping_status":"closed","sticky":false,"template":"","format":"standard","meta":{"footnotes":""},"categories":[6],"tags":[],"class_list":["post-59261","post","type-post","status-publish","format-standard","has-post-thumbnail","hentry","category-noticias"],"_links":{"self":[{"href":"https:\/\/www.sincomam.org.br\/index.php\/wp-json\/wp\/v2\/posts\/59261","targetHints":{"allow":["GET"]}}],"collection":[{"href":"https:\/\/www.sincomam.org.br\/index.php\/wp-json\/wp\/v2\/posts"}],"about":[{"href":"https:\/\/www.sincomam.org.br\/index.php\/wp-json\/wp\/v2\/types\/post"}],"author":[{"embeddable":true,"href":"https:\/\/www.sincomam.org.br\/index.php\/wp-json\/wp\/v2\/users\/1527"}],"replies":[{"embeddable":true,"href":"https:\/\/www.sincomam.org.br\/index.php\/wp-json\/wp\/v2\/comments?post=59261"}],"version-history":[{"count":1,"href":"https:\/\/www.sincomam.org.br\/index.php\/wp-json\/wp\/v2\/posts\/59261\/revisions"}],"predecessor-version":[{"id":59264,"href":"https:\/\/www.sincomam.org.br\/index.php\/wp-json\/wp\/v2\/posts\/59261\/revisions\/59264"}],"wp:featuredmedia":[{"embeddable":true,"href":"https:\/\/www.sincomam.org.br\/index.php\/wp-json\/wp\/v2\/media\/59263"}],"wp:attachment":[{"href":"https:\/\/www.sincomam.org.br\/index.php\/wp-json\/wp\/v2\/media?parent=59261"}],"wp:term":[{"taxonomy":"category","embeddable":true,"href":"https:\/\/www.sincomam.org.br\/index.php\/wp-json\/wp\/v2\/categories?post=59261"},{"taxonomy":"post_tag","embeddable":true,"href":"https:\/\/www.sincomam.org.br\/index.php\/wp-json\/wp\/v2\/tags?post=59261"}],"curies":[{"name":"wp","href":"https:\/\/api.w.org\/{rel}","templated":true}]}}