{"id":59257,"date":"2025-05-28T09:26:07","date_gmt":"2025-05-28T12:26:07","guid":{"rendered":"https:\/\/www.sincomam.org.br\/?p=59257"},"modified":"2025-05-28T09:26:07","modified_gmt":"2025-05-28T12:26:07","slug":"portos-da-bahia-receberao-r-15-bilhao-em-investimentos-do-pac","status":"publish","type":"post","link":"https:\/\/www.sincomam.org.br\/index.php\/portos-da-bahia-receberao-r-15-bilhao-em-investimentos-do-pac\/","title":{"rendered":"Portos da Bahia receber\u00e3o R$ 1,5 bilh\u00e3o em investimentos do PAC"},"content":{"rendered":"<p data-start=\"74\" data-end=\"389\">O governo federal anunciou, na \u00faltima sexta-feira (23), um pacote de R$ 1,5 bilh\u00e3o em investimentos para moderniza\u00e7\u00e3o dos portos p\u00fablicos da Bahia, por meio do Novo PAC (Programa de Acelera\u00e7\u00e3o do Crescimento). De acordo com o Minist\u00e9rio de Portos e Aeroportos (MPor), os recursos contemplam os complexos de Aratu-Candeias, Salvador e Ilh\u00e9us, com foco na amplia\u00e7\u00e3o da infraestrutura, efici\u00eancia log\u00edstica e fortalecimento da economia regional.<\/p>\n<p data-start=\"74\" data-end=\"389\">No Porto de Aratu, os aportes envolvem quase R$ 400 milh\u00f5es da \u00e1rea &#8216;ATU 12&#8217; para moderniza\u00e7\u00e3o do terminal de gran\u00e9is minerais, R$ 120 milh\u00f5es da &#8216;ATU 18&#8217;, al\u00e9m de uma proposta adicional de R$ 535 milh\u00f5es para gran\u00e9is vegetais. A Ultracargo tamb\u00e9m investir\u00e1 R$ 305,7 milh\u00f5es em um novo p\u00eder e expans\u00e3o da capacidade de armazenamento. A movimenta\u00e7\u00e3o de cargas poder\u00e1 crescer de 2 milh\u00f5es para mais de 12,5 milh\u00f5es de toneladas por ano.<\/p>\n<p data-start=\"74\" data-end=\"389\">Em Salvador, as obras previstas incluem amplia\u00e7\u00e3o, moderniza\u00e7\u00e3o e ado\u00e7\u00e3o de novas tecnologias no terminal, consolidando sua relev\u00e2ncia para o com\u00e9rcio mar\u00edtimo. J\u00e1 em Ilh\u00e9us, est\u00e3o previstos R$ 129,6 milh\u00f5es para reativa\u00e7\u00e3o do Moinho de Trigo, inativo h\u00e1 17 anos, e novas etapas de dragagem que permitir\u00e3o a atraca\u00e7\u00e3o de navios maiores. A iniciativa busca gerar empregos, fomentar a produ\u00e7\u00e3o agropecu\u00e1ria e impulsionar o desenvolvimento da Bahia e do Nordeste.<\/p>\n<p data-start=\"74\" data-end=\"389\">Fonte: Portos e Navios<\/p>\n","protected":false},"excerpt":{"rendered":"<p>O governo federal anunciou, na \u00faltima sexta-feira (23), um pacote de R$ 1,5 bilh\u00e3o em investimentos para moderniza\u00e7\u00e3o dos portos p\u00fablicos da Bahia, por meio&#8230;<\/p>\n","protected":false},"author":1527,"featured_media":59259,"comment_status":"closed","ping_status":"closed","sticky":false,"template":"","format":"standard","meta":{"footnotes":""},"categories":[6],"tags":[],"class_list":["post-59257","post","type-post","status-publish","format-standard","has-post-thumbnail","hentry","category-noticias"],"_links":{"self":[{"href":"https:\/\/www.sincomam.org.br\/index.php\/wp-json\/wp\/v2\/posts\/59257","targetHints":{"allow":["GET"]}}],"collection":[{"href":"https:\/\/www.sincomam.org.br\/index.php\/wp-json\/wp\/v2\/posts"}],"about":[{"href":"https:\/\/www.sincomam.org.br\/index.php\/wp-json\/wp\/v2\/types\/post"}],"author":[{"embeddable":true,"href":"https:\/\/www.sincomam.org.br\/index.php\/wp-json\/wp\/v2\/users\/1527"}],"replies":[{"embeddable":true,"href":"https:\/\/www.sincomam.org.br\/index.php\/wp-json\/wp\/v2\/comments?post=59257"}],"version-history":[{"count":1,"href":"https:\/\/www.sincomam.org.br\/index.php\/wp-json\/wp\/v2\/posts\/59257\/revisions"}],"predecessor-version":[{"id":59260,"href":"https:\/\/www.sincomam.org.br\/index.php\/wp-json\/wp\/v2\/posts\/59257\/revisions\/59260"}],"wp:featuredmedia":[{"embeddable":true,"href":"https:\/\/www.sincomam.org.br\/index.php\/wp-json\/wp\/v2\/media\/59259"}],"wp:attachment":[{"href":"https:\/\/www.sincomam.org.br\/index.php\/wp-json\/wp\/v2\/media?parent=59257"}],"wp:term":[{"taxonomy":"category","embeddable":true,"href":"https:\/\/www.sincomam.org.br\/index.php\/wp-json\/wp\/v2\/categories?post=59257"},{"taxonomy":"post_tag","embeddable":true,"href":"https:\/\/www.sincomam.org.br\/index.php\/wp-json\/wp\/v2\/tags?post=59257"}],"curies":[{"name":"wp","href":"https:\/\/api.w.org\/{rel}","templated":true}]}}