{"id":59216,"date":"2025-05-26T08:43:23","date_gmt":"2025-05-26T11:43:23","guid":{"rendered":"https:\/\/www.sincomam.org.br\/?p=59216"},"modified":"2025-05-26T08:43:23","modified_gmt":"2025-05-26T11:43:23","slug":"amazonia-azul-e-os-cisnes-negros-o-mar-que-protege-o-brasil-esta-em-risco","status":"publish","type":"post","link":"https:\/\/www.sincomam.org.br\/index.php\/amazonia-azul-e-os-cisnes-negros-o-mar-que-protege-o-brasil-esta-em-risco\/","title":{"rendered":"Amaz\u00f4nia Azul e os Cisnes Negros: o Mar que protege o Brasil est\u00e1 em risco"},"content":{"rendered":"<p>O Brasil \u00e9 uma pot\u00eancia oce\u00e2nica que ainda n\u00e3o se reconheceu plenamente como tal.\u00a0Possuidor de mais de 5,7 milh\u00f5es de km\u00b2 de \u00e1guas jurisdicionais \u2014 uma extens\u00e3o compar\u00e1vel ao territ\u00f3rio da Uni\u00e3o Europeia \u2014 o pa\u00eds det\u00e9m, sob suas responsabilidades, uma das mais estrat\u00e9gicas zonas mar\u00edtimas do s\u00e9culo XXI: a chamada\u00a0Amaz\u00f4nia Azul.<\/p>\n<p>Esse territ\u00f3rio mar\u00edtimo abriga\u00a0riquezas biol\u00f3gicas, minerais e energ\u00e9ticas de valor incalcul\u00e1vel, al\u00e9m de representar o corredor vital do com\u00e9rcio exterior brasileiro.<\/p>\n<p>No entanto,\u00a0sua defesa e soberania est\u00e3o amea\u00e7adas\u00a0n\u00e3o apenas por a\u00e7\u00f5es vis\u00edveis, mas por eventos inesperados e de alto impacto que se acumulam silenciosamente \u2014 os chamados Cisnes Negros, conceito cunhado pelo pesquisador Nassim Nicholas Taleb.<\/p>\n<p>Este artigo tem como miss\u00e3o alertar \u00e0\u00a0classe pol\u00edtica, os gestores p\u00fablicos e os l\u00edderes institucionais\u00a0para a necessidade de\u00a0investimentos estruturantes e permanentes na Marinha do Brasil, como pilar essencial da dissuas\u00e3o estrat\u00e9gica e da prote\u00e7\u00e3o da\u00a0Amaz\u00f4nia Azul.<\/p>\n<h3>A ilus\u00e3o da normalidade: o oceano como zona \u201cnaturalmente pac\u00edfica\u201d<\/h3>\n<p>Durante d\u00e9cadas, o Brasil alimentou a ideia de que, por estar fora dos grandes eixos de tens\u00e3o mundial, n\u00e3o correria riscos reais de conflito ou viola\u00e7\u00e3o de soberania mar\u00edtima. Essa cren\u00e7a, embora confort\u00e1vel, \u00e9 perigosa.<\/p>\n<p>A l\u00f3gica dos Cisnes Negros, segundo Taleb, nos ensina que\u00a0os sistemas mais fr\u00e1geis s\u00e3o justamente aqueles que confundem aus\u00eancia de evid\u00eancia com evid\u00eancia de aus\u00eancia.<\/p>\n<p>O fato de ainda n\u00e3o termos enfrentado uma grande crise mar\u00edtima n\u00e3o significa que ela n\u00e3o vir\u00e1.<\/p>\n<h3>Riscos reais, mas invis\u00edveis<\/h3>\n<p>A Amaz\u00f4nia Azul est\u00e1 hoje\u00a0exposta a m\u00faltiplos vetores de risco, muitos dos quais ignorados pelo debate pol\u00edtico convencional. Entre os mais cr\u00edticos, destacamos:<\/p>\n<ul>\n<li>Sabotagem cibern\u00e9tica a plataformas de petr\u00f3leo, portos e sistemas de vigil\u00e2ncia naval.<\/li>\n<li>Colapso ambiental repentino por derramamento de \u00f3leo ou acidifica\u00e7\u00e3o oce\u00e2nica.<\/li>\n<li>Apropria\u00e7\u00e3o indevida de recursos mar\u00edtimos por navios estrangeiros operando clandestinamente.<\/li>\n<li>Interfer\u00eancia\u00a0geopol\u00edtica\u00a0de pot\u00eancias navais em \u00e1reas de baixa presen\u00e7a militar brasileira.<\/li>\n<li>Ataques assim\u00e9tricos por agentes n\u00e3o estatais em infraestruturas cr\u00edticas no mar.<\/li>\n<\/ul>\n<p>Qualquer um desses eventos seria classificado como Cisne Negro: improv\u00e1vel, disruptivo e com impacto profundo \u2014 n\u00e3o apenas para a defesa, mas para a economia e a estabilidade nacional.<\/p>\n<h3>A resposta precisa ser estrat\u00e9gica \u2014 e come\u00e7a com investimento pol\u00edtico<\/h3>\n<p>Diante dessa realidade, a Marinha do Brasil n\u00e3o pode mais ser tratada como despesa:\u00a0ela \u00e9 um investimento para nossa soberania, seguran\u00e7a e dissuas\u00e3o, em um mundo cada vez mais incerto.<\/p>\n<p>A Marinha tem feito um esfor\u00e7o herc\u00faleo para modernizar suas capacidades, com destaque para o\u00a0PROSUB (Programa de Submarinos), o\u00a0Projeto Fragatas Classe Tamandar\u00e9, os\u00a0Navios de Patrulha Oce\u00e2nica, al\u00e9m de iniciativas de ciberdefesa, guerra eletr\u00f4nica e sistemas de vigil\u00e2ncia mar\u00edtima (SisGAAz).<\/p>\n<p>Mas n\u00e3o basta projetar poder \u2014 \u00e9 preciso garantir sua presen\u00e7a ativa e sustent\u00e1vel.<\/p>\n<p>Para isso, o Brasil precisa:<\/p>\n<ul>\n<li>Estabelecer um plano decenal de\u00a0investimentos cont\u00ednuos na For\u00e7a Naval.<\/li>\n<li>Garantir previsibilidade or\u00e7ament\u00e1ria\u00a0blindada contra ciclos pol\u00edticos.<\/li>\n<li>Fomentar e fortalecer a base industrial de defesa mar\u00edtima, integrando inova\u00e7\u00e3o, tecnologia e emprego nacional por meio de Clusters Mar\u00edtimos.<\/li>\n<li>Estimular\u00a0a cria\u00e7\u00e3o de pol\u00edticas p\u00fablicas voltadas ao ensino da import\u00e2ncia geoestrat\u00e9gica da Amaz\u00f4nia Azul\u00a0para parlamentares, l\u00edderes e gestores p\u00fablicos.<\/li>\n<\/ul>\n<p>A dissuas\u00e3o come\u00e7a com o respeito \u2014 e o respeito nasce da prontid\u00e3o.<\/p>\n<p>Nenhum pa\u00eds respeita a soberania de outro se este n\u00e3o demonstra, de forma clara, sua capacidade de vigiar, proteger e reagir.<\/p>\n<p>No mar, a aus\u00eancia \u00e9 convite \u00e0 explora\u00e7\u00e3o.<\/p>\n<p>A dissuas\u00e3o come\u00e7a com navios patrulhando, sonares escutando, radares ligados e marinheiros atentos.<\/p>\n<p>E isso exige, acima de tudo,\u00a0vontade pol\u00edtica.<\/p>\n<h3>Ou o Brasil se antecipa, ou ser\u00e1 surpreendido<\/h3>\n<p>O mar n\u00e3o \u00e9 invis\u00edvel, mas torna-se vulner\u00e1vel quando \u00e9 ignorado.<\/p>\n<p>A Amaz\u00f4nia Azul representa o futuro do Brasil\u00a0em energia, alimenta\u00e7\u00e3o, comunica\u00e7\u00e3o, seguran\u00e7a e proje\u00e7\u00e3o internacional.<\/p>\n<p>Mas esse futuro pode ser comprometido por um \u00fanico evento inesperado \u2014 um Cisne Negro que encontre um pa\u00eds despreparado e inerte.<\/p>\n<p>O Defesa em Foco conclama a classe pol\u00edtica a sair da letargia or\u00e7ament\u00e1ria, a romper com a vis\u00e3o de curto prazo,\u00a0e a colocar a Defesa Naval como prioridade nacional.<\/p>\n<p>Investir na Marinha do Brasil \u00e9 investir em soberania de fato, em paz com credibilidade, e em um Brasil que n\u00e3o ser\u00e1 apenas guardi\u00e3o da Amaz\u00f4nia Azul \u2014 mas tamb\u00e9m protagonista estrat\u00e9gico do Atl\u00e2ntico Sul.<\/p>\n<p>Fonte: Defesa em Foco<\/p>\n","protected":false},"excerpt":{"rendered":"<p>O Brasil \u00e9 uma pot\u00eancia oce\u00e2nica que ainda n\u00e3o se reconheceu plenamente como tal.\u00a0Possuidor de mais de 5,7 milh\u00f5es de km\u00b2 de \u00e1guas jurisdicionais \u2014&#8230;<\/p>\n","protected":false},"author":1527,"featured_media":59218,"comment_status":"closed","ping_status":"closed","sticky":false,"template":"","format":"standard","meta":{"footnotes":""},"categories":[6],"tags":[],"class_list":["post-59216","post","type-post","status-publish","format-standard","has-post-thumbnail","hentry","category-noticias"],"_links":{"self":[{"href":"https:\/\/www.sincomam.org.br\/index.php\/wp-json\/wp\/v2\/posts\/59216","targetHints":{"allow":["GET"]}}],"collection":[{"href":"https:\/\/www.sincomam.org.br\/index.php\/wp-json\/wp\/v2\/posts"}],"about":[{"href":"https:\/\/www.sincomam.org.br\/index.php\/wp-json\/wp\/v2\/types\/post"}],"author":[{"embeddable":true,"href":"https:\/\/www.sincomam.org.br\/index.php\/wp-json\/wp\/v2\/users\/1527"}],"replies":[{"embeddable":true,"href":"https:\/\/www.sincomam.org.br\/index.php\/wp-json\/wp\/v2\/comments?post=59216"}],"version-history":[{"count":1,"href":"https:\/\/www.sincomam.org.br\/index.php\/wp-json\/wp\/v2\/posts\/59216\/revisions"}],"predecessor-version":[{"id":59219,"href":"https:\/\/www.sincomam.org.br\/index.php\/wp-json\/wp\/v2\/posts\/59216\/revisions\/59219"}],"wp:featuredmedia":[{"embeddable":true,"href":"https:\/\/www.sincomam.org.br\/index.php\/wp-json\/wp\/v2\/media\/59218"}],"wp:attachment":[{"href":"https:\/\/www.sincomam.org.br\/index.php\/wp-json\/wp\/v2\/media?parent=59216"}],"wp:term":[{"taxonomy":"category","embeddable":true,"href":"https:\/\/www.sincomam.org.br\/index.php\/wp-json\/wp\/v2\/categories?post=59216"},{"taxonomy":"post_tag","embeddable":true,"href":"https:\/\/www.sincomam.org.br\/index.php\/wp-json\/wp\/v2\/tags?post=59216"}],"curies":[{"name":"wp","href":"https:\/\/api.w.org\/{rel}","templated":true}]}}