{"id":59208,"date":"2025-05-26T08:38:42","date_gmt":"2025-05-26T11:38:42","guid":{"rendered":"https:\/\/www.sincomam.org.br\/?p=59208"},"modified":"2025-05-26T08:38:42","modified_gmt":"2025-05-26T11:38:42","slug":"porto-de-sao-francisco-do-sul-amplia-movimentacao-em-6","status":"publish","type":"post","link":"https:\/\/www.sincomam.org.br\/index.php\/porto-de-sao-francisco-do-sul-amplia-movimentacao-em-6\/","title":{"rendered":"Porto de S\u00e3o Francisco do Sul amplia movimenta\u00e7\u00e3o em 6%"},"content":{"rendered":"<p>O Porto de S\u00e3o Francisco do Sul (SC) registrou um aumento de 6% na movimenta\u00e7\u00e3o de cargas em abril de 2025, com volume total de 1,48 milh\u00e3o de toneladas embarcadas e desembarcadas, frente a 1,39 milh\u00e3o no mesmo m\u00eas de 2024. O desempenho foi puxado pela exporta\u00e7\u00e3o de soja e milho, que somou 610 mil toneladas, al\u00e9m da importa\u00e7\u00e3o de produtos sider\u00fargicos (413 mil toneladas) e fertilizantes (347 mil toneladas).<\/p>\n<p>No acumulado do ano, o terminal j\u00e1 movimentou 5,7 milh\u00f5es de toneladas, com as exporta\u00e7\u00f5es representando 54% desse total (3,1 milh\u00f5es de toneladas) e as importa\u00e7\u00f5es 46% (2,6 milh\u00f5es de toneladas). Segundo a gest\u00e3o portu\u00e1ria, o desempenho positivo \u00e9 resultado da estrutura multiprop\u00f3sito do porto, que permite flexibilidade para operar diferentes tipos de carga. O terminal segue investindo em infraestrutura para manter a efici\u00eancia e acompanhar a demanda de diversos setores da economia.<\/p>\n<p>Entre os destaques do Porto de S\u00e3o Francisco do Sul est\u00e3o os recordes de movimenta\u00e7\u00e3o em 2023 e 2024, as certifica\u00e7\u00f5es ISO 9001 e 14001 e o reconhecimento do Minist\u00e9rio de Portos e Aeroportos pelos \u00edndices de gest\u00e3o. O porto \u00e9 o maior em volume de cargas movimentadas em Santa Catarina, responde por 42% das importa\u00e7\u00f5es nacionais de a\u00e7o e por 80% da soja exportada pelo estado.<\/p>\n<p>Fonte: Portos e Navios<\/p>\n","protected":false},"excerpt":{"rendered":"<p>O Porto de S\u00e3o Francisco do Sul (SC) registrou um aumento de 6% na movimenta\u00e7\u00e3o de cargas em abril de 2025, com volume total de&#8230;<\/p>\n","protected":false},"author":1527,"featured_media":59210,"comment_status":"closed","ping_status":"closed","sticky":false,"template":"","format":"standard","meta":{"footnotes":""},"categories":[6],"tags":[],"class_list":["post-59208","post","type-post","status-publish","format-standard","has-post-thumbnail","hentry","category-noticias"],"_links":{"self":[{"href":"https:\/\/www.sincomam.org.br\/index.php\/wp-json\/wp\/v2\/posts\/59208","targetHints":{"allow":["GET"]}}],"collection":[{"href":"https:\/\/www.sincomam.org.br\/index.php\/wp-json\/wp\/v2\/posts"}],"about":[{"href":"https:\/\/www.sincomam.org.br\/index.php\/wp-json\/wp\/v2\/types\/post"}],"author":[{"embeddable":true,"href":"https:\/\/www.sincomam.org.br\/index.php\/wp-json\/wp\/v2\/users\/1527"}],"replies":[{"embeddable":true,"href":"https:\/\/www.sincomam.org.br\/index.php\/wp-json\/wp\/v2\/comments?post=59208"}],"version-history":[{"count":1,"href":"https:\/\/www.sincomam.org.br\/index.php\/wp-json\/wp\/v2\/posts\/59208\/revisions"}],"predecessor-version":[{"id":59211,"href":"https:\/\/www.sincomam.org.br\/index.php\/wp-json\/wp\/v2\/posts\/59208\/revisions\/59211"}],"wp:featuredmedia":[{"embeddable":true,"href":"https:\/\/www.sincomam.org.br\/index.php\/wp-json\/wp\/v2\/media\/59210"}],"wp:attachment":[{"href":"https:\/\/www.sincomam.org.br\/index.php\/wp-json\/wp\/v2\/media?parent=59208"}],"wp:term":[{"taxonomy":"category","embeddable":true,"href":"https:\/\/www.sincomam.org.br\/index.php\/wp-json\/wp\/v2\/categories?post=59208"},{"taxonomy":"post_tag","embeddable":true,"href":"https:\/\/www.sincomam.org.br\/index.php\/wp-json\/wp\/v2\/tags?post=59208"}],"curies":[{"name":"wp","href":"https:\/\/api.w.org\/{rel}","templated":true}]}}