{"id":59199,"date":"2025-05-26T08:36:07","date_gmt":"2025-05-26T11:36:07","guid":{"rendered":"https:\/\/www.sincomam.org.br\/?p=59199"},"modified":"2025-05-26T08:36:07","modified_gmt":"2025-05-26T11:36:07","slug":"mpor-estrutura-politica-de-sustentabilidade-para-setor-aquaviario","status":"publish","type":"post","link":"https:\/\/www.sincomam.org.br\/index.php\/mpor-estrutura-politica-de-sustentabilidade-para-setor-aquaviario\/","title":{"rendered":"MPor estrutura pol\u00edtica de sustentabilidade para setor aquavi\u00e1rio"},"content":{"rendered":"<p>O Minist\u00e9rio de Portos e Aeroportos (MPor) afirmou que tem adotado uma agenda voltada \u00e0 sustentabilidade nos setores portu\u00e1rio, aeroportu\u00e1rio e hidrovi\u00e1rio, com o objetivo de promover o desenvolvimento equilibrado, respeitando o meio ambiente, os direitos humanos e o interesse p\u00fablico. A Diretoria de Sustentabilidade (DSust) \u00e9 respons\u00e1vel por integrar e articular a\u00e7\u00f5es que assegurem pr\u00e1ticas sustent\u00e1veis na infraestrutura log\u00edstica do pa\u00eds.<\/p>\n<p>A atua\u00e7\u00e3o da DSust inclui a articula\u00e7\u00e3o entre pol\u00edticas clim\u00e1ticas, licenciamento ambiental e diretrizes nacionais de sustentabilidade. Tamb\u00e9m est\u00e3o no escopo da diretoria o incentivo \u00e0 inova\u00e7\u00e3o, a adapta\u00e7\u00e3o clim\u00e1tica e a promo\u00e7\u00e3o da inclus\u00e3o social e da igualdade de g\u00eanero e ra\u00e7a.<\/p>\n<p>Entre os instrumentos dessa pol\u00edtica, est\u00e1 a agenda anual da pol\u00edtica de sustentabilidade, que ser\u00e1 composta por projetos, estudos e propostas de ajustes regulat\u00f3rios. J\u00e1 o setor privado ser\u00e1 envolvido por meio do &#8216;Pacto pela sustentabilidade&#8217;, voltado a empresas interessadas em aplicar pr\u00e1ticas ambientais, sociais e de governan\u00e7a (ESG) em suas opera\u00e7\u00f5es.<\/p>\n<p>A proposta do minist\u00e9rio visa garantir que as estruturas log\u00edsticas operem com responsabilidade ambiental e social, incentivando a transpar\u00eancia e o alinhamento com compromissos de descarboniza\u00e7\u00e3o e justi\u00e7a clim\u00e1tica.<\/p>\n<div class=\"addtoany_container\">Fonte: Portos e Navios<\/div>\n","protected":false},"excerpt":{"rendered":"<p>O Minist\u00e9rio de Portos e Aeroportos (MPor) afirmou que tem adotado uma agenda voltada \u00e0 sustentabilidade nos setores portu\u00e1rio, aeroportu\u00e1rio e hidrovi\u00e1rio, com o objetivo&#8230;<\/p>\n","protected":false},"author":1527,"featured_media":59201,"comment_status":"closed","ping_status":"closed","sticky":false,"template":"","format":"standard","meta":{"footnotes":""},"categories":[6],"tags":[],"class_list":["post-59199","post","type-post","status-publish","format-standard","has-post-thumbnail","hentry","category-noticias"],"_links":{"self":[{"href":"https:\/\/www.sincomam.org.br\/index.php\/wp-json\/wp\/v2\/posts\/59199","targetHints":{"allow":["GET"]}}],"collection":[{"href":"https:\/\/www.sincomam.org.br\/index.php\/wp-json\/wp\/v2\/posts"}],"about":[{"href":"https:\/\/www.sincomam.org.br\/index.php\/wp-json\/wp\/v2\/types\/post"}],"author":[{"embeddable":true,"href":"https:\/\/www.sincomam.org.br\/index.php\/wp-json\/wp\/v2\/users\/1527"}],"replies":[{"embeddable":true,"href":"https:\/\/www.sincomam.org.br\/index.php\/wp-json\/wp\/v2\/comments?post=59199"}],"version-history":[{"count":1,"href":"https:\/\/www.sincomam.org.br\/index.php\/wp-json\/wp\/v2\/posts\/59199\/revisions"}],"predecessor-version":[{"id":59202,"href":"https:\/\/www.sincomam.org.br\/index.php\/wp-json\/wp\/v2\/posts\/59199\/revisions\/59202"}],"wp:featuredmedia":[{"embeddable":true,"href":"https:\/\/www.sincomam.org.br\/index.php\/wp-json\/wp\/v2\/media\/59201"}],"wp:attachment":[{"href":"https:\/\/www.sincomam.org.br\/index.php\/wp-json\/wp\/v2\/media?parent=59199"}],"wp:term":[{"taxonomy":"category","embeddable":true,"href":"https:\/\/www.sincomam.org.br\/index.php\/wp-json\/wp\/v2\/categories?post=59199"},{"taxonomy":"post_tag","embeddable":true,"href":"https:\/\/www.sincomam.org.br\/index.php\/wp-json\/wp\/v2\/tags?post=59199"}],"curies":[{"name":"wp","href":"https:\/\/api.w.org\/{rel}","templated":true}]}}