{"id":59183,"date":"2025-05-23T11:38:23","date_gmt":"2025-05-23T14:38:23","guid":{"rendered":"https:\/\/www.sincomam.org.br\/?p=59183"},"modified":"2025-05-23T11:38:23","modified_gmt":"2025-05-23T14:38:23","slug":"fazenda-revoga-parcialmente-aumentos-de-aliquotas-do-iof","status":"publish","type":"post","link":"https:\/\/www.sincomam.org.br\/index.php\/fazenda-revoga-parcialmente-aumentos-de-aliquotas-do-iof\/","title":{"rendered":"Fazenda revoga parcialmente aumentos de al\u00edquotas do IOF"},"content":{"rendered":"<p>Cerca de seis horas ap\u00f3s publicar um decreto com a eleva\u00e7\u00e3o e a\u00a0padroniza\u00e7\u00e3o de diversas al\u00edquotas\u00a0do Imposto sobre Opera\u00e7\u00f5es Financeiras (IOF), o governo recuou e revogou parte dos aumentos. As aplica\u00e7\u00f5es de fundos nacionais no exterior continuar\u00e3o isentas, e as remessas de pessoas f\u00edsicas ao exterior destinadas a investimentos continuar\u00e3o com a al\u00edquota de 1,1% por opera\u00e7\u00e3o.<img decoding=\"async\" src=\"https:\/\/agenciabrasil.ebc.com.br\/ebc.png?id=1643868&amp;o=node\" \/><img decoding=\"async\" src=\"https:\/\/agenciabrasil.ebc.com.br\/ebc.gif?id=1643868&amp;o=node\" \/><\/p>\n<p>O Minist\u00e9rio da Fazenda anunciou a revers\u00e3o parcial do decreto no fim da noite dessa quinta-feira (22) numa s\u00e9rie de\u00a0<a href=\"https:\/\/x.com\/MinFazenda?ref_src=twsrc%5Egoogle%7Ctwcamp%5Eserp%7Ctwgr%5Eauthor\" target=\"_blank\" rel=\"noopener\">postagens na rede social X<\/a>. A pasta informou que a decis\u00e3o foi tomada \u201cap\u00f3s di\u00e1logo e avalia\u00e7\u00e3o t\u00e9cnica.<\/p>\n<blockquote><p>\u201cEste \u00e9 um ajuste na medida \u2013 feito com equil\u00edbrio, ouvindo o pa\u00eds e corrigindo rumos sempre que necess\u00e1rio\u201d, justificou o Minist\u00e9rio da Fazenda na rede social.<\/p><\/blockquote>\n<p>&#8220;O\u00a0Minist\u00e9rio da Fazenda informa\u00a0que, ap\u00f3s di\u00e1logo e avalia\u00e7\u00e3o t\u00e9cnica, ser\u00e1 restaurada a reda\u00e7\u00e3o do inciso III do art. 15-B do Decreto n\u00ba 6.306, de 14 de dezembro de 2007,que previa a aliquota zero de IOF sobre aplica\u00e7\u00e3o de investimentos de fundos nacionais no exterior&#8221;.<\/p>\n<p>Em rela\u00e7\u00e3o \u00e0 manuten\u00e7\u00e3o da al\u00edquota de 1,1% de remessas de pessoas f\u00edsicas para investimentos, ser\u00e1 inclu\u00eddo um esclarecimento no decreto.\u00a0O Minist\u00e9rio da Fazenda n\u00e3o anunciou se o governo publicar\u00e1\u00a0uma edi\u00e7\u00e3o extraordin\u00e1ria do Di\u00e1rio Oficial nem quanto perder\u00e1 em arrecada\u00e7\u00e3o com as mudan\u00e7as.<\/p>\n<p>Originalmente, o governo pretendia refor\u00e7ar o caixa em R$ 20,5 bilh\u00f5es em 2025 e em R$ 41 bilh\u00f5es em 2026 com a eleva\u00e7\u00e3o e a padroniza\u00e7\u00e3o do IOF para diversos segmentos da economia, inclusive com aumento de al\u00edquotas para o cr\u00e9dito a pessoas jur\u00eddicas e a micro e pequenas empresas inscritas no Simples Nacional.<\/p>\n<h2>Reuni\u00e3o de emerg\u00eancia<\/h2>\n<p>Na noite dessa quinta-feira, o governo fez uma reuni\u00e3o de emerg\u00eancia no Pal\u00e1cio do Planalto para discutir as medidas sobre o IOF, ap\u00f3s fortes cr\u00edticas do mercado financeiro\u00a0com o vazamento \u00e0 imprensa de parte das medidas.\u00a0O encontro n\u00e3o teve a presen\u00e7a do ministro da Fazenda, Fernando Haddad, que viajou para S\u00e3o Paulo no fim da tarde de ontem, logo ap\u00f3s anunciar o\u00a0congelamento de R$ 31,3 bilh\u00f5es\u00a0no Or\u00e7amento de 2025.<\/p>\n<p>Numa revers\u00e3o de movimentos no fim da tarde de ontem, o d\u00f3lar subiu, e a bolsa caiu, em meio a incertezas sobre a eleva\u00e7\u00e3o do imposto, anunciada ap\u00f3s o fechamento do mercado de c\u00e2mbio e nos minutos finais de negocia\u00e7\u00e3o na bolsa de valores.<\/p>\n<p>O\u00a0d\u00f3lar comercial,\u00a0que chegou a cair para R$ 5,59 no in\u00edcio da tarde, subiu para R$ 5,66. A bolsa, que chegou a subir 0,69% durante o dia, reverteu o movimento e fechou o dia em baixa de 0,44%.<\/p>\n<p>Fonte: Ag\u00eancia Brasil<\/p>\n","protected":false},"excerpt":{"rendered":"<p>Cerca de seis horas ap\u00f3s publicar um decreto com a eleva\u00e7\u00e3o e a\u00a0padroniza\u00e7\u00e3o de diversas al\u00edquotas\u00a0do Imposto sobre Opera\u00e7\u00f5es Financeiras (IOF), o governo recuou e&#8230;<\/p>\n","protected":false},"author":1527,"featured_media":59185,"comment_status":"closed","ping_status":"closed","sticky":false,"template":"","format":"standard","meta":{"footnotes":""},"categories":[6],"tags":[],"class_list":["post-59183","post","type-post","status-publish","format-standard","has-post-thumbnail","hentry","category-noticias"],"_links":{"self":[{"href":"https:\/\/www.sincomam.org.br\/index.php\/wp-json\/wp\/v2\/posts\/59183","targetHints":{"allow":["GET"]}}],"collection":[{"href":"https:\/\/www.sincomam.org.br\/index.php\/wp-json\/wp\/v2\/posts"}],"about":[{"href":"https:\/\/www.sincomam.org.br\/index.php\/wp-json\/wp\/v2\/types\/post"}],"author":[{"embeddable":true,"href":"https:\/\/www.sincomam.org.br\/index.php\/wp-json\/wp\/v2\/users\/1527"}],"replies":[{"embeddable":true,"href":"https:\/\/www.sincomam.org.br\/index.php\/wp-json\/wp\/v2\/comments?post=59183"}],"version-history":[{"count":1,"href":"https:\/\/www.sincomam.org.br\/index.php\/wp-json\/wp\/v2\/posts\/59183\/revisions"}],"predecessor-version":[{"id":59186,"href":"https:\/\/www.sincomam.org.br\/index.php\/wp-json\/wp\/v2\/posts\/59183\/revisions\/59186"}],"wp:featuredmedia":[{"embeddable":true,"href":"https:\/\/www.sincomam.org.br\/index.php\/wp-json\/wp\/v2\/media\/59185"}],"wp:attachment":[{"href":"https:\/\/www.sincomam.org.br\/index.php\/wp-json\/wp\/v2\/media?parent=59183"}],"wp:term":[{"taxonomy":"category","embeddable":true,"href":"https:\/\/www.sincomam.org.br\/index.php\/wp-json\/wp\/v2\/categories?post=59183"},{"taxonomy":"post_tag","embeddable":true,"href":"https:\/\/www.sincomam.org.br\/index.php\/wp-json\/wp\/v2\/tags?post=59183"}],"curies":[{"name":"wp","href":"https:\/\/api.w.org\/{rel}","templated":true}]}}