{"id":59162,"date":"2025-05-22T12:56:59","date_gmt":"2025-05-22T15:56:59","guid":{"rendered":"https:\/\/www.sincomam.org.br\/?p=59162"},"modified":"2025-05-22T12:57:21","modified_gmt":"2025-05-22T15:57:21","slug":"covid-19-vacinacao-de-idosos-sera-ampliada-em-junho-no-rio","status":"publish","type":"post","link":"https:\/\/www.sincomam.org.br\/index.php\/covid-19-vacinacao-de-idosos-sera-ampliada-em-junho-no-rio\/","title":{"rendered":"Covid-19: vacina\u00e7\u00e3o de idosos ser\u00e1 ampliada em junho no Rio"},"content":{"rendered":"<p>A Secretaria Municipal de Sa\u00fade do Rio definiu que os pr\u00f3ximos grupos para a imuniza\u00e7\u00e3o da variante JN.1 da covid-19. Em junho, ser\u00e3o atendidos idosos a partir de 70 anos e, em julho, de 60 anos ou mais. No m\u00eas de agosto ser\u00e3o imunizadas as pessoas com comorbidades. De acordo com a secretaria, com a chegada de novas doses, outros grupos priorit\u00e1rios tamb\u00e9m ser\u00e3o vacinados.<img decoding=\"async\" src=\"https:\/\/agenciabrasil.ebc.com.br\/ebc.png?id=1643597&amp;o=node\" \/><img decoding=\"async\" src=\"https:\/\/agenciabrasil.ebc.com.br\/ebc.gif?id=1643597&amp;o=node\" \/><\/p>\n<p>No momento, a vacina atualizada para a variante JN.1 da covid-19 est\u00e1 dispon\u00edvel nos postos de vacina\u00e7\u00e3o da cidade para\u00a0idosos com 80 anos ou mais.\u00a0A imuniza\u00e7\u00e3o para essa faixa et\u00e1ria teve in\u00edcio na segunda-feira desta semana (19).<\/p>\n<p>A vacina da covid-19 \u00e9 atualizada anualmente para as novas variantes do v\u00edrus.\u00a0Em 2023, foi usada a bivalente; em 2024, a que protegia contra a cepa XBB; e agora em 2025, contra a JN.1. A\u00a0 variante j\u00e1 est\u00e1 circulando no mundo todo.<\/p>\n<p>Na\u00a0 primeira remessa de doses que chegou ao munic\u00edpio do Rio\u00a0foram vacinados idosos residentes nas institui\u00e7\u00f5es de longa perman\u00eancia.\u00a0Agora, o imunizante est\u00e1 dispon\u00edvel em todas as unidades de Aten\u00e7\u00e3o Prim\u00e1ria (cl\u00ednicas da fam\u00edlia e centros municipais de sa\u00fade) e tamb\u00e9m no Super Centro Carioca de Vacina\u00e7\u00e3o em Botafogo, na zona sul e no ParkShopping Campo Grande, na zona oeste da cidade.<\/p>\n<p>Al\u00e9m do imunizante contra a covid-19 JN.1\u00a0tamb\u00e9m \u00e9 importante tomar as outras vacinas da temporada: contra influenza e, para quem tem indica\u00e7\u00e3o, tamb\u00e9m a da febre amarela e a que protege contra o sarampo.<\/p>\n<p>Fonte: Ag\u00eancia Brasil<\/p>\n","protected":false},"excerpt":{"rendered":"<p>A Secretaria Municipal de Sa\u00fade do Rio definiu que os pr\u00f3ximos grupos para a imuniza\u00e7\u00e3o da variante JN.1 da covid-19. Em junho, ser\u00e3o atendidos idosos&#8230;<\/p>\n","protected":false},"author":1527,"featured_media":59164,"comment_status":"closed","ping_status":"closed","sticky":false,"template":"","format":"standard","meta":{"footnotes":""},"categories":[6],"tags":[],"class_list":["post-59162","post","type-post","status-publish","format-standard","has-post-thumbnail","hentry","category-noticias"],"_links":{"self":[{"href":"https:\/\/www.sincomam.org.br\/index.php\/wp-json\/wp\/v2\/posts\/59162","targetHints":{"allow":["GET"]}}],"collection":[{"href":"https:\/\/www.sincomam.org.br\/index.php\/wp-json\/wp\/v2\/posts"}],"about":[{"href":"https:\/\/www.sincomam.org.br\/index.php\/wp-json\/wp\/v2\/types\/post"}],"author":[{"embeddable":true,"href":"https:\/\/www.sincomam.org.br\/index.php\/wp-json\/wp\/v2\/users\/1527"}],"replies":[{"embeddable":true,"href":"https:\/\/www.sincomam.org.br\/index.php\/wp-json\/wp\/v2\/comments?post=59162"}],"version-history":[{"count":2,"href":"https:\/\/www.sincomam.org.br\/index.php\/wp-json\/wp\/v2\/posts\/59162\/revisions"}],"predecessor-version":[{"id":59166,"href":"https:\/\/www.sincomam.org.br\/index.php\/wp-json\/wp\/v2\/posts\/59162\/revisions\/59166"}],"wp:featuredmedia":[{"embeddable":true,"href":"https:\/\/www.sincomam.org.br\/index.php\/wp-json\/wp\/v2\/media\/59164"}],"wp:attachment":[{"href":"https:\/\/www.sincomam.org.br\/index.php\/wp-json\/wp\/v2\/media?parent=59162"}],"wp:term":[{"taxonomy":"category","embeddable":true,"href":"https:\/\/www.sincomam.org.br\/index.php\/wp-json\/wp\/v2\/categories?post=59162"},{"taxonomy":"post_tag","embeddable":true,"href":"https:\/\/www.sincomam.org.br\/index.php\/wp-json\/wp\/v2\/tags?post=59162"}],"curies":[{"name":"wp","href":"https:\/\/api.w.org\/{rel}","templated":true}]}}