{"id":5914,"date":"2014-06-06T08:17:32","date_gmt":"2014-06-06T11:17:32","guid":{"rendered":"http:\/\/www.sincomam.org.br\/?p=5914"},"modified":"2014-06-05T23:23:51","modified_gmt":"2014-06-06T02:23:51","slug":"marinha-divulga-edital-de-concurso-publico-para-areas-tecnicas","status":"publish","type":"post","link":"https:\/\/www.sincomam.org.br\/index.php\/marinha-divulga-edital-de-concurso-publico-para-areas-tecnicas\/","title":{"rendered":"Marinha divulga edital de concurso p\u00fablico para \u00e1reas t\u00e9cnicas"},"content":{"rendered":"<p>A Diretoria de Ensino da Marinha (DEnsM), torna p\u00fablico que, de 6 de junho \u00e0 9 de julho de 2014, estar\u00e3o abertas as inscri\u00e7\u00f5es para o Concurso P\u00fablico para Ingresso no Quadro T\u00e9cnico de Pra\u00e7as da Armada do Corpo de Pra\u00e7as da Armada (CP-QTPA), em 2014.<\/p>\n<p>O concurso \u00e9 destinado \u00e0 prepara\u00e7\u00e3o e capacita\u00e7\u00e3o de candidatos aprovados para atuarem na opera\u00e7\u00e3o e manuten\u00e7\u00e3o de submarinos, que inclui o preenchimento de vagas nas \u00c1reas T\u00e9cnicas de Eletroeletr\u00f4nica: T\u00e9cnico em Automa\u00e7\u00e3o Industrial, T\u00e9cnico em Eletroeletr\u00f4nica, T\u00e9cnico em Eletr\u00f4nica, T\u00e9cnico em Eletrot\u00e9cnica, T\u00e9cnico em Eletrot\u00e9cnica Naval e T\u00e9cnico em Mecatr\u00f4nica e Mec\u00e2nica: T\u00e9cnico em Manuten\u00e7\u00e3o Automotiva, T\u00e9cnico em Mec\u00e2nica, T\u00e9cnico em Mec\u00e2nica Naval, T\u00e9cnico em Mecatr\u00f4nica, T\u00e9cnico em Refrigera\u00e7\u00e3o e Climatiza\u00e7\u00e3o, T\u00e9cnico em Manuten\u00e7\u00e3o de M\u00e1quinas Pesadas e T\u00e9cnico em Mec\u00e2nica de Precis\u00e3o, totalizando 40 oportunidades.<\/p>\n<p>Al\u00e9m das titula\u00e7\u00f5es relacionadas para cada \u00c1rea T\u00e9cnica, ser\u00e3o considerados v\u00e1lidos documentos comprobat\u00f3rios de conclus\u00e3o de cursos t\u00e9cnicos de n\u00edvel m\u00e9dio cujas denomina\u00e7\u00f5es anteriormente utilizadas constem na Tabela de Converg\u00eancia do Cat\u00e1logo Nacional de Cursos T\u00e9cnico.<\/p>\n<p>As inscri\u00e7\u00f5es poder\u00e3o ser realizadas, em n\u00edvel nacional, nos sites<span>\u00a0<\/span><a href=\"https:\/\/www.ensino.mar.mil.br\/sitenovo\/index.html\" style=\"font-style: inherit; font-weight: inherit;\">www.ensino.mar.mil.br<\/a><span>\u00a0<\/span>ou<a href=\"https:\/\/www.ensino.mar.mil.br\/sitenovo\/index.html\" style=\"font-style: inherit; font-weight: inherit;\">www.ingressonamarinha.mar.mil.br<\/a><span>\u00a0<\/span>, sob pagamento de taxa de R$ 45,00 e tamb\u00e9m, nas Organiza\u00e7\u00f5es Respons\u00e1veis pela Divulga\u00e7\u00e3o (ORDI) citadas a seguir: Rio de Janeiro (RJ), S\u00e3o Pedro da Aldeia (RJ), Vila Velha (ES), Salvador (BA), Natal (RN), Olinda (PE), Fortaleza (CE), Bel\u00e9m (PA), S\u00e3o Luis (MA), Rio Grande (RS), Porto Alegre (RS), Florian\u00f3polis (SC), Lad\u00e1rio (MS), Bras\u00edlia (DF), S\u00e3o Paulo (SP), Manaus (AM) e Santos (SP).<\/p>\n<p>O hor\u00e1rio, locais e datas das avalia\u00e7\u00f5es devem ser consultados na p\u00e1gina da DEnsM a partir do dia 31 de julho de 2014. A avalia\u00e7\u00e3o ser\u00e1 realizada por meio de Prova Escrita de Conhecimentos Profissionais e Reda\u00e7\u00e3o, em data a ser definida. Al\u00e9m disso, os candidatos devem passar por outras fases, que incluem realiza\u00e7\u00e3o de Eventos Complementares, Inspe\u00e7\u00e3o de Sa\u00fade (IS), Teste de Aptid\u00e3o F\u00edsica (TAF), Concentra\u00e7\u00e3o no CIAA, Per\u00edodo de Adapta\u00e7\u00e3o, Verifica\u00e7\u00e3o de documentos, Preenchimento de Question\u00e1rio Biogr\u00e1fico Simplificado (QBS) e Avalia\u00e7\u00e3o Psicol\u00f3gica.<\/p>\n<p>O in\u00edcio do curso est\u00e1 previsto para 30 de maio de 2015.<\/p>\n<p>Fonte: PCI Concursos<\/p>\n","protected":false},"excerpt":{"rendered":"<p>A Diretoria de Ensino da Marinha (DEnsM), torna p\u00fablico que, de 6 de junho \u00e0 9 de julho de 2014, estar\u00e3o abertas as inscri\u00e7\u00f5es para&#8230;<\/p>\n","protected":false},"author":1182,"featured_media":5915,"comment_status":"closed","ping_status":"closed","sticky":false,"template":"","format":"standard","meta":{"footnotes":""},"categories":[6],"tags":[],"class_list":["post-5914","post","type-post","status-publish","format-standard","has-post-thumbnail","hentry","category-noticias"],"_links":{"self":[{"href":"https:\/\/www.sincomam.org.br\/index.php\/wp-json\/wp\/v2\/posts\/5914","targetHints":{"allow":["GET"]}}],"collection":[{"href":"https:\/\/www.sincomam.org.br\/index.php\/wp-json\/wp\/v2\/posts"}],"about":[{"href":"https:\/\/www.sincomam.org.br\/index.php\/wp-json\/wp\/v2\/types\/post"}],"author":[{"embeddable":true,"href":"https:\/\/www.sincomam.org.br\/index.php\/wp-json\/wp\/v2\/users\/1182"}],"replies":[{"embeddable":true,"href":"https:\/\/www.sincomam.org.br\/index.php\/wp-json\/wp\/v2\/comments?post=5914"}],"version-history":[{"count":1,"href":"https:\/\/www.sincomam.org.br\/index.php\/wp-json\/wp\/v2\/posts\/5914\/revisions"}],"predecessor-version":[{"id":5916,"href":"https:\/\/www.sincomam.org.br\/index.php\/wp-json\/wp\/v2\/posts\/5914\/revisions\/5916"}],"wp:featuredmedia":[{"embeddable":true,"href":"https:\/\/www.sincomam.org.br\/index.php\/wp-json\/wp\/v2\/media\/5915"}],"wp:attachment":[{"href":"https:\/\/www.sincomam.org.br\/index.php\/wp-json\/wp\/v2\/media?parent=5914"}],"wp:term":[{"taxonomy":"category","embeddable":true,"href":"https:\/\/www.sincomam.org.br\/index.php\/wp-json\/wp\/v2\/categories?post=5914"},{"taxonomy":"post_tag","embeddable":true,"href":"https:\/\/www.sincomam.org.br\/index.php\/wp-json\/wp\/v2\/tags?post=5914"}],"curies":[{"name":"wp","href":"https:\/\/api.w.org\/{rel}","templated":true}]}}