{"id":59124,"date":"2025-05-21T12:24:19","date_gmt":"2025-05-21T15:24:19","guid":{"rendered":"https:\/\/www.sincomam.org.br\/?p=59124"},"modified":"2025-05-21T12:24:19","modified_gmt":"2025-05-21T15:24:19","slug":"mais-de-5-milhoes-de-eleitores-terao-titulo-cancelado-informa-tse","status":"publish","type":"post","link":"https:\/\/www.sincomam.org.br\/index.php\/mais-de-5-milhoes-de-eleitores-terao-titulo-cancelado-informa-tse\/","title":{"rendered":"Mais de 5 milh\u00f5es de eleitores ter\u00e3o t\u00edtulo cancelado, informa TSE"},"content":{"rendered":"<p>O Tribunal Superior Eleitoral (TSE) informou nesta ter\u00e7a-feira (20) que deve cancelar mais de 5\u00a0milh\u00f5es de t\u00edtulos eleitorais de pessoas que faltaram \u00e0s tr\u00eas \u00faltimas elei\u00e7\u00f5es sem apresentar justificativa ou pagar as multas necess\u00e1rias.<img decoding=\"async\" src=\"https:\/\/agenciabrasil.ebc.com.br\/ebc.png?id=1643243&amp;o=node\" \/><img decoding=\"async\" src=\"https:\/\/agenciabrasil.ebc.com.br\/ebc.gif?id=1643243&amp;o=node\" \/><\/p>\n<p>O prazo para regularizar a situa\u00e7\u00e3o do t\u00edtulo se encerrou na segunda (19).\u00a0Esses eleitores, contudo, ainda t\u00eam uma \u00faltima chance de regularizar sua inscri\u00e7\u00e3o eleitoral. Para isso, \u00e9 necess\u00e1rio comparecer a um cart\u00f3rio eleitoral ou acessar o autoatendimento na internet e fazer um requerimento.<\/p>\n<p>Caber\u00e1 ao ju\u00edzo eleitoral decidir se afasta ou n\u00e3o o cancelamento, baseado na documenta\u00e7\u00e3o anexada ao processo.<\/p>\n<p>O TSE informa ainda que o cancelamento n\u00e3o ser\u00e1 comunicado individualmente. O eleitor pode verificar se teve o t\u00edtulo cancelado consultando sua situa\u00e7\u00e3o eleitoral no site do TSE.<\/p>\n<blockquote><p>\u201cQuem n\u00e3o tiver quitado seus d\u00e9bitos dever\u00e1 faz\u00ea-lo, mas a quita\u00e7\u00e3o n\u00e3o impedir\u00e1 o cancelamento\u201d, alerta a Justi\u00e7a Eleitoral. \u201cSer\u00e1 necess\u00e1rio, al\u00e9m de pagar os d\u00e9bitos, requerer a regulariza\u00e7\u00e3o do t\u00edtulo\u201d.<\/p><\/blockquote>\n<p>A partir de 30 de maio, quem n\u00e3o tiver tomado nenhuma provid\u00eancia ter\u00e1 o t\u00edtulo cancelado, ficando impedido de votar ou ser votado.<\/p>\n<p>Fonte:<\/p>\n","protected":false},"excerpt":{"rendered":"<p>O Tribunal Superior Eleitoral (TSE) informou nesta ter\u00e7a-feira (20) que deve cancelar mais de 5\u00a0milh\u00f5es de t\u00edtulos eleitorais de pessoas que faltaram \u00e0s tr\u00eas \u00faltimas&#8230;<\/p>\n","protected":false},"author":1527,"featured_media":59126,"comment_status":"closed","ping_status":"closed","sticky":false,"template":"","format":"standard","meta":{"footnotes":""},"categories":[6],"tags":[],"class_list":["post-59124","post","type-post","status-publish","format-standard","has-post-thumbnail","hentry","category-noticias"],"_links":{"self":[{"href":"https:\/\/www.sincomam.org.br\/index.php\/wp-json\/wp\/v2\/posts\/59124","targetHints":{"allow":["GET"]}}],"collection":[{"href":"https:\/\/www.sincomam.org.br\/index.php\/wp-json\/wp\/v2\/posts"}],"about":[{"href":"https:\/\/www.sincomam.org.br\/index.php\/wp-json\/wp\/v2\/types\/post"}],"author":[{"embeddable":true,"href":"https:\/\/www.sincomam.org.br\/index.php\/wp-json\/wp\/v2\/users\/1527"}],"replies":[{"embeddable":true,"href":"https:\/\/www.sincomam.org.br\/index.php\/wp-json\/wp\/v2\/comments?post=59124"}],"version-history":[{"count":1,"href":"https:\/\/www.sincomam.org.br\/index.php\/wp-json\/wp\/v2\/posts\/59124\/revisions"}],"predecessor-version":[{"id":59127,"href":"https:\/\/www.sincomam.org.br\/index.php\/wp-json\/wp\/v2\/posts\/59124\/revisions\/59127"}],"wp:featuredmedia":[{"embeddable":true,"href":"https:\/\/www.sincomam.org.br\/index.php\/wp-json\/wp\/v2\/media\/59126"}],"wp:attachment":[{"href":"https:\/\/www.sincomam.org.br\/index.php\/wp-json\/wp\/v2\/media?parent=59124"}],"wp:term":[{"taxonomy":"category","embeddable":true,"href":"https:\/\/www.sincomam.org.br\/index.php\/wp-json\/wp\/v2\/categories?post=59124"},{"taxonomy":"post_tag","embeddable":true,"href":"https:\/\/www.sincomam.org.br\/index.php\/wp-json\/wp\/v2\/tags?post=59124"}],"curies":[{"name":"wp","href":"https:\/\/api.w.org\/{rel}","templated":true}]}}